{"id":3212,"date":"2013-10-24T17:38:04","date_gmt":"2013-10-24T19:38:04","guid":{"rendered":"http:\/\/catolicanet.net\/wp-cnet\/curso-de-pos-graduacao-em-pedagogia-biblica-visa-formacao-teologica-cientifica\/"},"modified":"2017-03-23T14:42:09","modified_gmt":"2017-03-23T17:42:09","slug":"curso-de-pos-graduacao-em-pedagogia-biblica-visa-formacao-teologica-cientifica","status":"publish","type":"post","link":"https:\/\/catolicanet.net\/wp-cnet\/curso-de-pos-graduacao-em-pedagogia-biblica-visa-formacao-teologica-cientifica\/","title":{"rendered":"Curso de P\u00f3s-gradua\u00e7\u00e3o em Pedagogia B\u00edblica visa forma\u00e7\u00e3o teol\u00f3gica cient\u00edfica"},"content":{"rendered":"<p style=\"text-align: justify;\"><img decoding=\"async\" src=\"http:\/\/catolicanet.com.br\/images\/stories\/rolo.jpg\" border=\"0\" align=\"left\" \/>A Comiss\u00e3o Episcopal Pastoral para a Anima\u00e7\u00e3o B\u00edblico-Catequ\u00e9tica, a Pontif\u00edcia Universidade Cat\u00f3lica de Goi\u00e1s e a Pastoral da Educa\u00e7\u00e3o da diocese de Goi\u00e1s oferecem o curso de P\u00f3s-gradua\u00e7\u00e3o em Pedagogia B\u00edblica: Anima\u00e7\u00e3o B\u00edblica da Pastoral, para interessados que possuam gradua\u00e7\u00e3o, bacharelado, licenciatura ou que seja tecn\u00f3logo em conhecimento b\u00edblico b\u00e1sico. O primeiro m\u00f3dulo tem in\u00edcio no dia 20 de janeiro de 2014.<\/p>\n<p>O curso objetiva aperfei\u00e7oar a pr\u00e1tica pedag\u00f3gica, incentivar a pesquisa e a produ\u00e7\u00e3o b\u00edblica, favorecer a anima\u00e7\u00e3o b\u00edblica da Pastoral, capacitar pessoas para a anima\u00e7\u00e3o b\u00edblica com forma\u00e7\u00e3o teol\u00f3gica cient\u00edfica, aprofundar a metodologia de leitura e interpreta\u00e7\u00e3o hermen\u00eautica da Escritura e possibilitar o di\u00e1logo ecum\u00eanico, inter-religioso e inter-cultural. A p\u00f3s-gradua\u00e7\u00e3o tem dura\u00e7\u00e3o de dois anos (380 horas), sendo nove dias de aulas presenciais em janeiro e julho. As aulas acontecer\u00e3o no Centro Diocesano de Pastoral Lu\u00eds \u00d3rio, na Cidade de Goi\u00e1s (GO).<\/p>\n<p>O prazo de inscri\u00e7\u00e3o vai at\u00e9 18 de novembro. Informa\u00e7\u00f5es: (62) 3371-3394 ou pelos e-mails: <a href=\"mailto:marlievang@hotmail.com\">marlievang@hotmail.com<\/a> e   <a href=\"mailto:diocesedegoias@cultura.com.br\">diocesedegoias@cultura.com.br<\/a><\/p>\n<p style=\"text-align: justify;\">\u00a0<\/p>\n<p style=\"text-align: justify;\"><strong>Local: Bras\u00edlia (DF)<br \/>Fonte: CNBB<\/strong><\/p>\n","protected":false},"excerpt":{"rendered":"<p>A Comiss\u00e3o Episcopal Pastoral para a Anima\u00e7\u00e3o B\u00edblico-Catequ\u00e9tica, a Pontif\u00edcia Universidade Cat\u00f3lica de Goi\u00e1s e a Pastoral da Educa\u00e7\u00e3o da diocese de Goi\u00e1s oferecem o curso de P\u00f3s-gradua\u00e7\u00e3o em Pedagogia B\u00edblica: Anima\u00e7\u00e3o B\u00edblica da Pastoral, para interessados que possuam gradua\u00e7\u00e3o, bacharelado, licenciatura ou que seja tecn\u00f3logo em conhecimento b\u00edblico b\u00e1sico. O primeiro m\u00f3dulo tem in\u00edcio [&hellip;]<\/p>\n","protected":false},"author":1,"featured_media":0,"comment_status":"closed","ping_status":"closed","sticky":false,"template":"","format":"standard","meta":{"footnotes":""},"categories":[7],"tags":[],"class_list":["post-3212","post","type-post","status-publish","format-standard","hentry","category-cnbb"],"_links":{"self":[{"href":"https:\/\/catolicanet.net\/wp-cnet\/wp-json\/wp\/v2\/posts\/3212","targetHints":{"allow":["GET"]}}],"collection":[{"href":"https:\/\/catolicanet.net\/wp-cnet\/wp-json\/wp\/v2\/posts"}],"about":[{"href":"https:\/\/catolicanet.net\/wp-cnet\/wp-json\/wp\/v2\/types\/post"}],"author":[{"embeddable":true,"href":"https:\/\/catolicanet.net\/wp-cnet\/wp-json\/wp\/v2\/users\/1"}],"replies":[{"embeddable":true,"href":"https:\/\/catolicanet.net\/wp-cnet\/wp-json\/wp\/v2\/comments?post=3212"}],"version-history":[{"count":1,"href":"https:\/\/catolicanet.net\/wp-cnet\/wp-json\/wp\/v2\/posts\/3212\/revisions"}],"predecessor-version":[{"id":7660,"href":"https:\/\/catolicanet.net\/wp-cnet\/wp-json\/wp\/v2\/posts\/3212\/revisions\/7660"}],"wp:attachment":[{"href":"https:\/\/catolicanet.net\/wp-cnet\/wp-json\/wp\/v2\/media?parent=3212"}],"wp:term":[{"taxonomy":"category","embeddable":true,"href":"https:\/\/catolicanet.net\/wp-cnet\/wp-json\/wp\/v2\/categories?post=3212"},{"taxonomy":"post_tag","embeddable":true,"href":"https:\/\/catolicanet.net\/wp-cnet\/wp-json\/wp\/v2\/tags?post=3212"}],"curies":[{"name":"wp","href":"https:\/\/api.w.org\/{rel}","templated":true}]}}