{"id":3211,"date":"2013-10-24T17:34:17","date_gmt":"2013-10-24T19:34:17","guid":{"rendered":"http:\/\/catolicanet.net\/wp-cnet\/os-cristaos-ocidentais-estao-pouco-informados-sobre-o-oriente-medio\/"},"modified":"2017-03-23T14:40:33","modified_gmt":"2017-03-23T17:40:33","slug":"os-cristaos-ocidentais-estao-pouco-informados-sobre-o-oriente-medio","status":"publish","type":"post","link":"https:\/\/catolicanet.net\/wp-cnet\/os-cristaos-ocidentais-estao-pouco-informados-sobre-o-oriente-medio\/","title":{"rendered":"Os crist\u00e3os ocidentais est\u00e3o pouco informados sobre o Oriente M\u00e9dio"},"content":{"rendered":"<p style=\"text-align: center;\"><strong><img loading=\"lazy\" decoding=\"async\" src=\"http:\/\/catolicanet.com.br\/images\/stories\/cristaosocidentais.jpg\" border=\"0\" width=\"466\" height=\"255\" \/><br \/>Um dos problemas \u00e9 que a m\u00eddia n\u00e3o transmite uma imagem fidedigna do que realmente est\u00e1 acontecendo na regi\u00e3o<\/strong><\/p>\n<p style=\"text-align: justify;\">Dom Elias Sleiman, bispo maronita de Laodiceia, cidade da costa mediterr\u00e2nea da S\u00edria, reconhece que a Igreja do Ocidente est\u00e1 &#8220;pouco informada em muitos aspectos, apesar das boas inten\u00e7\u00f5es&#8221;, em uma entrevista concedida \u00e0 funda\u00e7\u00e3o Ajuda \u00e0 Igreja que Sofre (AIS).<\/p>\n<p>O prelado se centrou no d\u00e9ficit informativo sobre os processos que ocorrem na regi\u00e3o do Oriente M\u00e9dio, o que, a seu ver, corre o risco de pesar negativamente nos movimentos da comunidade internacional, especialmente no que diz respeito ao conflito s\u00edrio.<\/p>\n<p>&#8220;O problema de muitos meios de comunica\u00e7\u00e3o \u2013 explicou o bispo \u2013 \u00e9 que realmente n\u00e3o refletem uma imagem fiel da situa\u00e7\u00e3o. A primavera \u00e1rabe foi retratada como um impulso decisivo rumo \u00e0 liberdade e \u00e0 democracia, mas os resultados efetivos na L\u00edbia, Egito e I\u00eamen, por exemplo, demonstraram o contr\u00e1rio.&#8221;<\/p>\n<p>A regi\u00e3o de Laodiceia, no norte da S\u00edria, esteve a salvo do conflito at\u00e9 agora. No territ\u00f3rio, os crist\u00e3os continuam coexistindo pacificamente com os alau\u00edtas, mu\u00e7ulmanos xiitas. Segundo Dom Sleiman, a \u00fanica maneira de sair do conflito \u00e9 aumentar a press\u00e3o internacional, para chegar a &#8220;um di\u00e1logo entre o regime e os elementos moderados da oposi\u00e7\u00e3o&#8221;.<\/p>\n<p>Os principais intervenientes internacionais t\u00eam de convencer as partes &#8220;a sentar-se \u00e0 mesa das negocia\u00e7\u00f5es&#8221;, considerando que &#8220;o grande desafio \u00e9 o fanatismo religioso&#8221; e que agora &#8220;os rebeldes moderados e os islamitas come\u00e7aram a lutar uns contra outros&#8221;.<\/p>\n<p>Sobre a cont\u00ednua fuga dos crist\u00e3os do Oriente M\u00e9dio, Dom Sleiman afirmou que &#8220;n\u00e3o podemos permitir que esta terra fique sem crist\u00e3os, j\u00e1 que a presen\u00e7a crist\u00e3 ajuda os mu\u00e7ulmanos a serem moderados&#8221;.<\/p>\n<p>O bispo de Laodiceia reconhece que &#8220;precisamos da solidariedade dos povos e governos do Ocidente para garantir a cont\u00ednua presen\u00e7a dos crist\u00e3os&#8221;, mas, ao mesmo tempo, n\u00e3o \u00e9 partid\u00e1rio de que os crist\u00e3os vivam somente da ajuda exterior.<\/p>\n<p>&#8220;Precisamos encontrar formas de evitar que se tornem refugiados. A Igreja local est\u00e1 tentando desempenhar um papel crucial, neste sentido&#8221;, concluiu Dom Sleiman.<\/p>\n<p style=\"text-align: justify;\">\u00a0<\/p>\n<p style=\"text-align: justify;\"><strong>Local: S\u00e3o Paulo (SP)<br \/>Fonte: ALETEIA<\/strong><\/p>\n","protected":false},"excerpt":{"rendered":"<p>Um dos problemas \u00e9 que a m\u00eddia n\u00e3o transmite uma imagem fidedigna do que realmente est\u00e1 acontecendo na regi\u00e3o Dom Elias Sleiman, bispo maronita de Laodiceia, cidade da costa mediterr\u00e2nea da S\u00edria, reconhece que a Igreja do Ocidente est\u00e1 &#8220;pouco informada em muitos aspectos, apesar das boas inten\u00e7\u00f5es&#8221;, em uma entrevista concedida \u00e0 funda\u00e7\u00e3o Ajuda [&hellip;]<\/p>\n","protected":false},"author":1,"featured_media":0,"comment_status":"closed","ping_status":"closed","sticky":false,"template":"","format":"standard","meta":{"footnotes":""},"categories":[4],"tags":[],"class_list":["post-3211","post","type-post","status-publish","format-standard","hentry","category-cotidiano"],"_links":{"self":[{"href":"https:\/\/catolicanet.net\/wp-cnet\/wp-json\/wp\/v2\/posts\/3211","targetHints":{"allow":["GET"]}}],"collection":[{"href":"https:\/\/catolicanet.net\/wp-cnet\/wp-json\/wp\/v2\/posts"}],"about":[{"href":"https:\/\/catolicanet.net\/wp-cnet\/wp-json\/wp\/v2\/types\/post"}],"author":[{"embeddable":true,"href":"https:\/\/catolicanet.net\/wp-cnet\/wp-json\/wp\/v2\/users\/1"}],"replies":[{"embeddable":true,"href":"https:\/\/catolicanet.net\/wp-cnet\/wp-json\/wp\/v2\/comments?post=3211"}],"version-history":[{"count":1,"href":"https:\/\/catolicanet.net\/wp-cnet\/wp-json\/wp\/v2\/posts\/3211\/revisions"}],"predecessor-version":[{"id":7659,"href":"https:\/\/catolicanet.net\/wp-cnet\/wp-json\/wp\/v2\/posts\/3211\/revisions\/7659"}],"wp:attachment":[{"href":"https:\/\/catolicanet.net\/wp-cnet\/wp-json\/wp\/v2\/media?parent=3211"}],"wp:term":[{"taxonomy":"category","embeddable":true,"href":"https:\/\/catolicanet.net\/wp-cnet\/wp-json\/wp\/v2\/categories?post=3211"},{"taxonomy":"post_tag","embeddable":true,"href":"https:\/\/catolicanet.net\/wp-cnet\/wp-json\/wp\/v2\/tags?post=3211"}],"curies":[{"name":"wp","href":"https:\/\/api.w.org\/{rel}","templated":true}]}}