{"id":32067,"date":"2017-06-22T15:33:53","date_gmt":"2017-06-22T18:33:53","guid":{"rendered":"http:\/\/catolicanet.net\/wp-cnet\/?p=32067"},"modified":"2017-06-27T16:37:34","modified_gmt":"2017-06-27T19:37:34","slug":"lista-de-premiados-do-trofeu-louvemos-2017","status":"publish","type":"post","link":"https:\/\/catolicanet.net\/wp-cnet\/lista-de-premiados-do-trofeu-louvemos-2017\/","title":{"rendered":"Lista de premiados do Trof\u00e9u Louvemos 2017"},"content":{"rendered":"<p>Confira os artistas premiados nas 28 categorias da 9\u00aa Edi\u00e7\u00e3o do maior Pr\u00eamio Nacional da M\u00fasica Cat\u00f3lica<\/p>\n<p>Em noite de festa e celebra\u00e7\u00e3o da m\u00fasica cat\u00f3lica, muitos artistas foram premiados e homenageados na 9\u00aa Edi\u00e7\u00e3o do Trof\u00e9u Louvemos o Senhor.<br \/>\nDurante a premia\u00e7\u00e3o foram realizadas diversas homenagens e recorda\u00e7\u00f5es: 300 de Nossa Senhora Aparecida; centen\u00e1rio das apari\u00e7\u00f5es de Nossa Senhora de F\u00e1tima; 50 anos da Renova\u00e7\u00e3o Carism\u00e1tica Cat\u00f3lica; reencontro da Banda Eterna&#8230; e a todos os artistas cat\u00f3licos que evangelizam com o dom de cantar.<br \/>\nA Adora\u00e7\u00e3o ao Sant\u00edssimo Sacramento, conduzida pelo Pe. Agnaldo Jos\u00e9, Irm\u00e3 Luiza e Tony Allysson fechou com chave de ouro a maior premia\u00e7\u00e3o da m\u00fasica cat\u00f3lica. Artistas e seus familiares, amigos e convidados cantaram em uma s\u00f3 voz para louvar e agradecer ao Senhor.<br \/>\nEm noite de festa, os artistas tamb\u00e9m foram homenageados com a estatueta do Trof\u00e9u Louvemos o Senhor. Uma noite de festa para celebrar o Dom da m\u00fasica.<br \/>\nConfira os premiados das 28 categorias da 9\u00aa Edi\u00e7\u00e3o do Trof\u00e9u Louvemos o Senhor:<\/p>\n<p>INTERPRETE MASCULINO DO ANO<br \/>\nTONY ALLYSSON<br \/>\n\u00c1LBUM: SUSTENTA O FOGO<\/p>\n<p>INTERPRETE FEMININO DO ANO<br \/>\nSUELY FA\u00c7ANHA<br \/>\n\u00c1LBUM: JESUS<\/p>\n<p>BANDA DO ANO<br \/>\nMINIST\u00c9RIO ADORA\u00c7\u00c3O E VIDA<br \/>\n\u00c1LBUM: SHEKINAH<\/p>\n<p>ALBUM ROCK DO ANO<br \/>\n\u00c1LBUM: A VIDA NUM SEGUNDO<br \/>\nARTISTA: CEREMONYA<\/p>\n<p>ALBUM POP DO ANO<br \/>\n\u00c1LBUM: JESUS<br \/>\nARTISTA: SUELY FA\u00c7ANHA<\/p>\n<p>\u00c1LBUM ALTERNATIVO DO ANO<br \/>\nO PREGADOR E O SANFONEIRO<br \/>\nF\u00c1BIO CARNEIRINHO INTERPRETA<br \/>\nPE. Z\u00c9ZINHO, SCJ<\/p>\n<p>ARTISTA REVELA\u00c7\u00c3O DO ANO<br \/>\nMAIKEL MARQUES<br \/>\n\u00c1LBUM: AL\u00c9M DOS SENTIDOS<\/p>\n<p>\u00c1LBUM INDEPENDENTE DO ANO<br \/>\nRETRATOS EM CANTO<br \/>\nARTISTA: RAQUEL CARPEJANI<\/p>\n<p>\u00c1LBUM LIT\u00daRGICO DO ANO<br \/>\nLIT\u00daRGICOS \u2013 PRIMEIROS FRUTOS<br \/>\nARTISTA: IVAN DOMINGOS<\/p>\n<p>CAN\u00c7\u00c3O LIT\u00daRGICA DO ANO<br \/>\nM\u00daSICA: B\u00cdBLIA SAGRADA<br \/>\nCOMPOSITOR: FRANCISCO ADOALDO DE SOUZA E S\u00c1<br \/>\nMINIST\u00c9RIO MISS\u00c3O E CAN\u00c7\u00c3O<\/p>\n<p>DVD DO ANO<br \/>\nGRP \u2013 ANJOS DE RESGATE<br \/>\nDIRETORES: ERALDO MATOS E<br \/>\nNETINHO CRUZ<\/p>\n<p>M\u00daSICA DO ANO<br \/>\nRECEBE NOSSA ADORA\u00c7\u00c3O<br \/>\nCOMPOSITORES:<br \/>\nAMADEU BRAND\u00c3O E RAQUEL CARPEJANI<\/p>\n<p>CANTOR SOLO DO ANO<br \/>\nDAVIDSON SILVA<br \/>\nDVD: DAVIDSON SILVA<\/p>\n<p>CANTORA SOLO DO ANO<br \/>\nRAQUEL CARPEJANI<br \/>\n\u00c1LBUM: RETRATOS EM CANTO<\/p>\n<p>ARTISTA DO ANO<br \/>\nDAVIDSON SILVA<br \/>\nM\u00c9RITO ESPECIAL &#8211; PR\u00caMIO POR UMA VIDA INTEIRA DE REALIZA\u00c7\u00d5ES<br \/>\nRENOVA\u00c7\u00c3O CARISM\u00c1TICA CAT\u00d3LICA<\/p>\n<p>Premia\u00e7\u00e3o T\u00e9cnica e Instrumental:<\/p>\n<p>PRODUTOR DO ANO<br \/>\nF\u00c1BIO CARNEIRINHO<br \/>\n\u00c1LBUM: O PREGADOR E O SANFONEIRO \u2013<br \/>\nF\u00c1BIO CARNEIRINHO INTERPRETA PE. ZEZINHO, SCJ<\/p>\n<p>ARRANJADOR DO ANO<br \/>\nALEXANDRE PIVATO \u2013 BOYNA<br \/>\n\u00c1LBUM: O AMOR VENCEU<\/p>\n<p>F\u00c1BIO CARNEIRINHO<br \/>\n\u00c1LBUM: O PREGADOR E O SANFONEIRO<br \/>\nF\u00c1BIO CARNEIRINHO INTERPRETA PE. ZEZINHO, SCJ<\/p>\n<p>PROJETO GR\u00c1FICO DO ANO<br \/>\nDESIGNERS: DUH MENDES E MAURO JOS\u00c9 SOARES<br \/>\n\u00c1LBUM: ACHADOS E PERDIDOS<\/p>\n<p>BAIXISTA DO ANO<br \/>\nJORGE BONINI<br \/>\nMISSION\u00c1RIO SHALOM<\/p>\n<p>GUITARRISTA DO ANO<br \/>\nEDUARDO CARDOSO<br \/>\nMISSION\u00c1RIO SHALOM<\/p>\n<p>BATERISTA DO ANO<br \/>\nALLISSON<br \/>\nMISSION\u00c1RIO SHALOM<\/p>\n<p>TECLADISTA DO ANO<br \/>\nALYSSON SILVA<br \/>\nMISSION\u00c1RIO SHALOM<\/p>\n<p>CANTORA DE BANDA DO ANO<br \/>\nDEBORA PIRES<br \/>\nMISSION\u00c1RIO SHALOM<\/p>\n<p>CANTOR DE BANDA DO ANO<br \/>\nWALMIR ALENCAR<br \/>\nMINIST\u00c9RIO ADORA\u00c7\u00c3O E VIDA<\/p>\n<p>CLIPE DO ANO<br \/>\nBRADO DE VIT\u00d3RIA<br \/>\nARTISTA: JAKE TREVISAN<br \/>\nDIRETOR: PL\u00cdNIO SCANBORA<\/p>\n<p>EP DO ANO<br \/>\nSACRO STIGMA<br \/>\nARTISTA: SACRO STIGMA<\/p>\n<p>GRAVA\u00c7\u00c3O DO ANO<br \/>\n\u00c1LBUM: RETRATOS EM CANTO<br \/>\nARTISTA: RAQUEL CARPEJANI<\/p>\n<p>&nbsp;<\/p>\n<p>Fonte: Rede S\u00e9culo 21<\/p>\n","protected":false},"excerpt":{"rendered":"<p>Confira os artistas premiados nas 28 categorias da 9\u00aa Edi\u00e7\u00e3o do maior Pr\u00eamio Nacional da M\u00fasica Cat\u00f3lica Em noite de festa e celebra\u00e7\u00e3o da m\u00fasica cat\u00f3lica, muitos artistas foram premiados e homenageados na 9\u00aa Edi\u00e7\u00e3o do Trof\u00e9u Louvemos o Senhor. Durante a premia\u00e7\u00e3o foram realizadas diversas homenagens e recorda\u00e7\u00f5es: 300 de Nossa Senhora Aparecida; centen\u00e1rio [&hellip;]<\/p>\n","protected":false},"author":1,"featured_media":31515,"comment_status":"open","ping_status":"open","sticky":false,"template":"","format":"standard","meta":{"footnotes":""},"categories":[4],"tags":[],"class_list":["post-32067","post","type-post","status-publish","format-standard","has-post-thumbnail","hentry","category-cotidiano"],"_links":{"self":[{"href":"https:\/\/catolicanet.net\/wp-cnet\/wp-json\/wp\/v2\/posts\/32067","targetHints":{"allow":["GET"]}}],"collection":[{"href":"https:\/\/catolicanet.net\/wp-cnet\/wp-json\/wp\/v2\/posts"}],"about":[{"href":"https:\/\/catolicanet.net\/wp-cnet\/wp-json\/wp\/v2\/types\/post"}],"author":[{"embeddable":true,"href":"https:\/\/catolicanet.net\/wp-cnet\/wp-json\/wp\/v2\/users\/1"}],"replies":[{"embeddable":true,"href":"https:\/\/catolicanet.net\/wp-cnet\/wp-json\/wp\/v2\/comments?post=32067"}],"version-history":[{"count":1,"href":"https:\/\/catolicanet.net\/wp-cnet\/wp-json\/wp\/v2\/posts\/32067\/revisions"}],"predecessor-version":[{"id":32068,"href":"https:\/\/catolicanet.net\/wp-cnet\/wp-json\/wp\/v2\/posts\/32067\/revisions\/32068"}],"wp:featuredmedia":[{"embeddable":true,"href":"https:\/\/catolicanet.net\/wp-cnet\/wp-json\/wp\/v2\/media\/31515"}],"wp:attachment":[{"href":"https:\/\/catolicanet.net\/wp-cnet\/wp-json\/wp\/v2\/media?parent=32067"}],"wp:term":[{"taxonomy":"category","embeddable":true,"href":"https:\/\/catolicanet.net\/wp-cnet\/wp-json\/wp\/v2\/categories?post=32067"},{"taxonomy":"post_tag","embeddable":true,"href":"https:\/\/catolicanet.net\/wp-cnet\/wp-json\/wp\/v2\/tags?post=32067"}],"curies":[{"name":"wp","href":"https:\/\/api.w.org\/{rel}","templated":true}]}}