{"id":32063,"date":"2017-06-22T15:04:33","date_gmt":"2017-06-22T18:04:33","guid":{"rendered":"http:\/\/catolicanet.net\/wp-cnet\/?p=32063"},"modified":"2017-06-27T16:34:14","modified_gmt":"2017-06-27T19:34:14","slug":"cnbb-lanca-documento-sobre-iniciacao-a-vida-crista-aprovado-na-ultima-assembleia-geral","status":"publish","type":"post","link":"https:\/\/catolicanet.net\/wp-cnet\/cnbb-lanca-documento-sobre-iniciacao-a-vida-crista-aprovado-na-ultima-assembleia-geral\/","title":{"rendered":"CNBB lan\u00e7a documento sobre inicia\u00e7\u00e3o \u00e0 vida crist\u00e3, aprovado na \u00faltima Assembleia Geral"},"content":{"rendered":"<p>Est\u00e1 dispon\u00edvel o novo documento da Confer\u00eancia Nacional dos Bispos do Brasil (CNBB) \u201cInicia\u00e7\u00e3o \u00e0 vida crist\u00e3: itiner\u00e1rio para formar disc\u00edpulos mission\u00e1rios\u201d. O texto foi aprovado pela 55\u00aa Assembleia Geral da CNBB e recebe o n\u00famero de 107 da cole\u00e7\u00e3o azul da Confer\u00eancia. Aos catequistas e respons\u00e1veis pela anima\u00e7\u00e3o pastoral das dioceses e comunidades est\u00e1 dispon\u00edvel um material com slides para trabalhar o texto.<\/p>\n<p>J\u00e1 no primeiro cap\u00edtulo o texto apresenta o itiner\u00e1rio a partir do \u201c\u00edcone b\u00edblico\u201d representado pelo encontro de Jesus com a Samaritana retratado no cap\u00edtulo quatro do Evangelho de S\u00e3o Jo\u00e3o. Em seis passos o documento apresenta os processos de inicia\u00e7\u00e3o ao discipulado de Jesus.<\/p>\n<p>O documento oferece novas disposi\u00e7\u00f5es pastorais para a inicia\u00e7\u00e3o \u00e0 vida crist\u00e3, presente nas Diretrizes Gerais da A\u00e7\u00e3o Evangelizadora desde 2011. Para os bispos, a dedica\u00e7\u00e3o em torno da tem\u00e1tica revela o prop\u00f3sito de \u201cbuscar novos caminhos pastorais e reconhecer que a inspira\u00e7\u00e3o catecumenal \u00e9 uma exig\u00eancia atual\u201d. Ela permitir\u00e1 formar disc\u00edpulos conscientes, atuantes e mission\u00e1rios.<\/p>\n<p>\u201cA vida crist\u00e3 \u00e9 um novo viver que requer um processo de passos de aproxima\u00e7\u00e3o, mediante os quais a pessoa aprende e se deixa envolver pelo mist\u00e9rio amoroso do Pai, pelo Filho, no Santo Esp\u00edrito. Ela desperta para novas rela\u00e7\u00f5es e a\u00e7\u00f5es, transformando a vida no campo pessoal, comunit\u00e1rio e social. Essa verdadeira transforma\u00e7\u00e3o se expressa atrav\u00e9s de s\u00edmbolos, ritos, celebra\u00e7\u00f5es, tempos e etapas\u201d, escreveu o bispo auxiliar de Bras\u00edlia (DF) e secret\u00e1rio-geral da CNBB, dom Leonardo Steiner, na apresenta\u00e7\u00e3o do documento.<\/p>\n<p>Para dom Leonardo, o texto \u201cexpressa o caminho que a Igreja no Brasil percorre, iluminada pela Palavra de Deus e pelo Documento de Aparecida, aprovado pela V Confer\u00eancia Geral do Episcopado Latino Americano, realizada h\u00e1 10 anos. \u201cAssumindo sempre mais as orienta\u00e7\u00f5es de Aparecida e do papa Francisco, nossas igrejas particulares, nossas comunidades, nossas fam\u00edlias e todas as pessoas batizadas ser\u00e3o testemunhas da alegria do Evangelho\u201d, acredita dom Leonardo.<\/p>\n<p>Material de apoio<br \/>\nA Comiss\u00e3o Episcopal Pastoral para a Anima\u00e7\u00e3o B\u00edblico-Catequ\u00e9tica da CNBB disponibilizou uma cole\u00e7\u00e3o de slides para auxiliar as forma\u00e7\u00f5es. S\u00e3o cinco apresenta\u00e7\u00f5es relacionadas \u00e0 introdu\u00e7\u00e3o e a cada cap\u00edtulo do texto. O material possui cita\u00e7\u00f5es de par\u00e1grafos do texto e ilustra\u00e7\u00f5es que facilitam a compreens\u00e3o e a did\u00e1tica de exposi\u00e7\u00e3o por parte dos assessores de encontros formativos.<\/p>\n<p>As cinco apresenta\u00e7\u00f5es, em formato PowerPoint<a href=\"https:\/\/drive.google.com\/drive\/folders\/0B-g_LeJryoTRdWdYTFUta081MzA\">, est\u00e3o dispon\u00edveis para download aqui.<\/a><\/p>\n<p>Fonte: CNBB<\/p>\n","protected":false},"excerpt":{"rendered":"<p>Est\u00e1 dispon\u00edvel o novo documento da Confer\u00eancia Nacional dos Bispos do Brasil (CNBB) \u201cInicia\u00e7\u00e3o \u00e0 vida crist\u00e3: itiner\u00e1rio para formar disc\u00edpulos mission\u00e1rios\u201d. O texto foi aprovado pela 55\u00aa Assembleia Geral da CNBB e recebe o n\u00famero de 107 da cole\u00e7\u00e3o azul da Confer\u00eancia. Aos catequistas e respons\u00e1veis pela anima\u00e7\u00e3o pastoral das dioceses e comunidades est\u00e1 [&hellip;]<\/p>\n","protected":false},"author":1,"featured_media":32065,"comment_status":"open","ping_status":"open","sticky":false,"template":"","format":"standard","meta":{"footnotes":""},"categories":[7],"tags":[],"class_list":["post-32063","post","type-post","status-publish","format-standard","has-post-thumbnail","hentry","category-cnbb"],"_links":{"self":[{"href":"https:\/\/catolicanet.net\/wp-cnet\/wp-json\/wp\/v2\/posts\/32063","targetHints":{"allow":["GET"]}}],"collection":[{"href":"https:\/\/catolicanet.net\/wp-cnet\/wp-json\/wp\/v2\/posts"}],"about":[{"href":"https:\/\/catolicanet.net\/wp-cnet\/wp-json\/wp\/v2\/types\/post"}],"author":[{"embeddable":true,"href":"https:\/\/catolicanet.net\/wp-cnet\/wp-json\/wp\/v2\/users\/1"}],"replies":[{"embeddable":true,"href":"https:\/\/catolicanet.net\/wp-cnet\/wp-json\/wp\/v2\/comments?post=32063"}],"version-history":[{"count":1,"href":"https:\/\/catolicanet.net\/wp-cnet\/wp-json\/wp\/v2\/posts\/32063\/revisions"}],"predecessor-version":[{"id":32066,"href":"https:\/\/catolicanet.net\/wp-cnet\/wp-json\/wp\/v2\/posts\/32063\/revisions\/32066"}],"wp:featuredmedia":[{"embeddable":true,"href":"https:\/\/catolicanet.net\/wp-cnet\/wp-json\/wp\/v2\/media\/32065"}],"wp:attachment":[{"href":"https:\/\/catolicanet.net\/wp-cnet\/wp-json\/wp\/v2\/media?parent=32063"}],"wp:term":[{"taxonomy":"category","embeddable":true,"href":"https:\/\/catolicanet.net\/wp-cnet\/wp-json\/wp\/v2\/categories?post=32063"},{"taxonomy":"post_tag","embeddable":true,"href":"https:\/\/catolicanet.net\/wp-cnet\/wp-json\/wp\/v2\/tags?post=32063"}],"curies":[{"name":"wp","href":"https:\/\/api.w.org\/{rel}","templated":true}]}}