{"id":32046,"date":"2017-06-21T16:04:37","date_gmt":"2017-06-21T19:04:37","guid":{"rendered":"http:\/\/catolicanet.net\/wp-cnet\/?p=32046"},"modified":"2017-06-27T16:04:52","modified_gmt":"2017-06-27T19:04:52","slug":"antiga-comissao-8-tem-novo-nome-aprovado-pelo-conselho-permanente-da-cnbb","status":"publish","type":"post","link":"https:\/\/catolicanet.net\/wp-cnet\/antiga-comissao-8-tem-novo-nome-aprovado-pelo-conselho-permanente-da-cnbb\/","title":{"rendered":"Antiga Comiss\u00e3o 8 tem novo nome aprovado pelo Conselho Permanente da CNBB"},"content":{"rendered":"<p>Dom Guilherme Werlang, bispo de Ipameri (GO), presidente da Comiss\u00e3o Episcopal Pastoral para o Servi\u00e7o da Caridade, da Justi\u00e7a e da Paz, apresentou a proposta de mudan\u00e7a do nome oficial da Comiss\u00e3o que preside. Amparados pela assessoria can\u00f4nica e pela consulta aos Estatutos e Regimento da CNBB, os bispos foram informados da possibilidade de mudan\u00e7a do nome da Comiss\u00e3o.<\/p>\n<p>O presidente apresentou as raz\u00f5es para a apresenta\u00e7\u00e3o da proposta. Entre outras, as dificuldades de confus\u00e3o criada pela semelhan\u00e7a do nome da Comiss\u00e3o com v\u00e1rias inst\u00e2ncias que se ocupam com os temas de Justi\u00e7a e Paz. Al\u00e9m disso, uma mudan\u00e7a poderia colaborar com a simplifica\u00e7\u00e3o no modo de se referir ao trabalho da Comiss\u00e3o.<\/p>\n<p>Um processo de reflex\u00e3o sobre a quest\u00e3o j\u00e1 tem sido realizado h\u00e1 dois anos. Dom Werlang diz que, como resultado desse tempo de aprofundamento, duas sugest\u00f5es foram apresentadas, com a devida fundamenta\u00e7\u00e3o pastoral: Comiss\u00e3o Episcopal Pastoral para as Pastorais Sociais e Comiss\u00e3o Episcopal Pastoral para a A\u00e7\u00e3o S\u00f3cio-Transformadora. Considerando o trabalho feito nas reformas do Vaticano e acolhendo o novo nome do Dicast\u00e9rio que se ocupa com temas sociais, uma terceira proposta seria: Comiss\u00e3o Episcopal Pastoral para o Desenvolvimento Humano Integral.<\/p>\n<p>Os bispos do Conselho fizeram v\u00e1rias interven\u00e7\u00f5es sobre as sugest\u00f5es apresentadas. Outras sugest\u00f5es tamb\u00e9m foram apresentadas. A segunda sugest\u00e3o, contando com uma corre\u00e7\u00e3o nas palavras que representam melhor a ideia, acabou contando com a simpatia de grande parte dos que fizeram uso da palavra. Dom Werlang lembrou, no meio da discuss\u00e3o, que esta alternativa foi amplamente considerada no processo de discuss\u00e3o sobre o assunto e que se trata de uma solu\u00e7\u00e3o muito eficiente.<\/p>\n<p>Em seguida, os bispos reformulam as sugest\u00f5es e foi realizada uma vota\u00e7\u00e3o para a escolha do novo nome da Comiss\u00e3o: Comiss\u00e3o Episcopal Pastoral para a A\u00e7\u00e3o Social e Transformadora, Comiss\u00e3o Episcopal Pastoral para a Caridade Social , Comiss\u00e3o Episcopal Pastoral para a A\u00e7\u00e3o S\u00f3cio-Caritativa. A alternativa que recebeu o maior n\u00famero de votos para foi a primeira proposta e, portanto, torna-se o novo nome da Comiss\u00e3o: \u201cComiss\u00e3o Episcopal Pastoral para a A\u00e7\u00e3o Social e Transformadora\u201d.<\/p>\n<p>&nbsp;<\/p>\n<p>Fonte: CNBB<\/p>\n","protected":false},"excerpt":{"rendered":"<p>Dom Guilherme Werlang, bispo de Ipameri (GO), presidente da Comiss\u00e3o Episcopal Pastoral para o Servi\u00e7o da Caridade, da Justi\u00e7a e da Paz, apresentou a proposta de mudan\u00e7a do nome oficial da Comiss\u00e3o que preside. Amparados pela assessoria can\u00f4nica e pela consulta aos Estatutos e Regimento da CNBB, os bispos foram informados da possibilidade de mudan\u00e7a [&hellip;]<\/p>\n","protected":false},"author":1,"featured_media":32047,"comment_status":"open","ping_status":"open","sticky":false,"template":"","format":"standard","meta":{"footnotes":""},"categories":[7],"tags":[],"class_list":["post-32046","post","type-post","status-publish","format-standard","has-post-thumbnail","hentry","category-cnbb"],"_links":{"self":[{"href":"https:\/\/catolicanet.net\/wp-cnet\/wp-json\/wp\/v2\/posts\/32046","targetHints":{"allow":["GET"]}}],"collection":[{"href":"https:\/\/catolicanet.net\/wp-cnet\/wp-json\/wp\/v2\/posts"}],"about":[{"href":"https:\/\/catolicanet.net\/wp-cnet\/wp-json\/wp\/v2\/types\/post"}],"author":[{"embeddable":true,"href":"https:\/\/catolicanet.net\/wp-cnet\/wp-json\/wp\/v2\/users\/1"}],"replies":[{"embeddable":true,"href":"https:\/\/catolicanet.net\/wp-cnet\/wp-json\/wp\/v2\/comments?post=32046"}],"version-history":[{"count":1,"href":"https:\/\/catolicanet.net\/wp-cnet\/wp-json\/wp\/v2\/posts\/32046\/revisions"}],"predecessor-version":[{"id":32048,"href":"https:\/\/catolicanet.net\/wp-cnet\/wp-json\/wp\/v2\/posts\/32046\/revisions\/32048"}],"wp:featuredmedia":[{"embeddable":true,"href":"https:\/\/catolicanet.net\/wp-cnet\/wp-json\/wp\/v2\/media\/32047"}],"wp:attachment":[{"href":"https:\/\/catolicanet.net\/wp-cnet\/wp-json\/wp\/v2\/media?parent=32046"}],"wp:term":[{"taxonomy":"category","embeddable":true,"href":"https:\/\/catolicanet.net\/wp-cnet\/wp-json\/wp\/v2\/categories?post=32046"},{"taxonomy":"post_tag","embeddable":true,"href":"https:\/\/catolicanet.net\/wp-cnet\/wp-json\/wp\/v2\/tags?post=32046"}],"curies":[{"name":"wp","href":"https:\/\/api.w.org\/{rel}","templated":true}]}}