{"id":32037,"date":"2017-06-21T14:36:00","date_gmt":"2017-06-21T17:36:00","guid":{"rendered":"http:\/\/catolicanet.net\/wp-cnet\/?p=32037"},"modified":"2017-06-27T15:51:53","modified_gmt":"2017-06-27T18:51:53","slug":"o-que-aconteceu-com-cristina-e-um-milagre","status":"publish","type":"post","link":"https:\/\/catolicanet.net\/wp-cnet\/o-que-aconteceu-com-cristina-e-um-milagre\/","title":{"rendered":"&#8220;O que aconteceu com Cristina \u00e9 um milagre&#8221;"},"content":{"rendered":"<p style=\"text-align: justify;\">Depois de tr\u00eas anos, a menina Cristina retorna \u00e0 sua fam\u00edlia. Depois de tr\u00eas anos, a menina Cristina retorna \u00e0 sua fam\u00edlia.<\/p>\n<p>Na noite do dia 6 de agosto de 2014, o autodenominado Estado Isl\u00e2mico (EI) ocupou as regi\u00f5es hist\u00f3ricas da Plan\u00edcie de N\u00ednive, no Iraque, e varreu seus habitantes \u2013 os crist\u00e3os \u2013 dali, ocasionando uma grande fuga para a regi\u00e3o do Curdist\u00e3o. Muitos foram pegos durante a fuga, alguns conseguiram fugir mais tarde, mas foram centenas que acabaram presos na regi\u00e3o dominada pelo EI e, desde ent\u00e3o, nada mais se sabe deles. Khouder Ezzo, sua esposa Aida Hanna e sua filha Cristina, que na \u00e9poca tinha 3 anos, est\u00e3o entre estes que permaneceram na regi\u00e3o ocupada do EI.<\/p>\n<p>No dia 22 de agosto de 2014, o EI permitiu que a fam\u00edlia de Cristina e outras fam\u00edlias deixassem Qaraqosh e fossem para Erbil depois que roubaram o dinheiro e o ouro que possu\u00edam. No momento em que subiam no carro, um dos soldados do EI tomou Christina dos bra\u00e7os seguros de sua m\u00e3e. Ela implorou ao soldado, que carregava a menina chorosa e assustada, que a devolvesse para que pudessem voltar ao \u00f4nibus com sua fam\u00edlia para sair da \u00e1rea. Ele n\u00e3o respondeu, em vez disso, com gestos a ordenou que voltasse ao \u00f4nibus ou a mataria! A m\u00e3e, com muito medo, fez o que ele disse. Essa foi a \u00faltima vez que ela viu sua pequena filha. At\u00e9 a sexta-feira, 10 de junho.<\/p>\n<p>Em entrevista para a ACN \u2013 Funda\u00e7\u00e3o Pontif\u00edcia Ajuda \u00e0 Igreja que Sofre, o Padre Ignatius Offy, sacerdote s\u00edrio cat\u00f3lico de Ankawa, falou sobre o regresso de Cristina.<\/p>\n<p><img decoding=\"async\" class=\"alignright\" src=\"http:\/\/www.catolicanet.com.br\/images\/stories\/noticias2017\/pe-ignatius-e.jpg\" align=\"right\" border=\"0\" \/>Pe. Ignatius e Cristina<br \/>\nPadre Ignatius, como conhece esta fam\u00edlia?<\/p>\n<p>Eu sou da mesma cidade que a fam\u00edlia de Cristina, somos de Qaraqosh. As fam\u00edlias dessa regi\u00e3o se conhecem e mant\u00e9m rela\u00e7\u00f5es estreitas. Al\u00e9m disso, sou sacerdote, e desde o in\u00edcio do nosso deslocamento for\u00e7ado, na noite entre os dias 6 e 7 de agosto, tentei investigar sobre as pessoas capturadas pelo EI. Enviei uma lista de pessoas cujo paradeiro \u00e9 desconhecido para grupos, organiza\u00e7\u00f5es e associa\u00e7\u00f5es. Nessa lista, \u00e9 claro, tamb\u00e9m estava Cristina.<br \/>\nComo se sente depois dessa volta milagrosa?<\/p>\n<p>O que aconteceu com Cristina e com a sua fam\u00edlia \u00e9 um milagre! Na minha humilde opini\u00e3o, este \u00e9 o quarto nascimento de Cristina: o primeiro, quando sua m\u00e3e deu \u00e0 luz; o segundo, no batismo; o terceiro, quando a fam\u00edlia mu\u00e7ulmana a adotou e cuidou dela no tempo em que estava perdida; e, finalmente, o quarto, quando sua fam\u00edlia a reencontrou. Cristina recebeu uma nova vida. Damos gra\u00e7as a Deus por sua a\u00e7\u00e3o com ela, com sua fam\u00edlia e com todos n\u00f3s.<br \/>\nO senhor sabe onde Cristina ficou esses tr\u00eas anos?<\/p>\n<p>O pai de Cristina nos explicou depois do sequestro: \u201cN\u00e3o deixamos de perguntar \u00e0s pessoas que permaneceram na regi\u00e3o sobre a nossa filha. A \u00faltima chamada telef\u00f4nica que recebemos era de um parente, que nos assegurou que Cristina estava bem e que tinha sido vista com um dos soldados do EI perto de uma mesquita. Depois, a comunica\u00e7\u00e3o foi interrompida\u201d. Cinco meses depois do sequestro, um conhecido da fam\u00edlia lhes contou que a menina estava bem e que estava morando com uma fam\u00edlia mu\u00e7ulmana no bairro de Al-Tanak em Mossul. A fam\u00edlia mu\u00e7ulmana havia pego Cristina em uma mesquita, a levaram para sua casa e a cuidaram como se fosse filha deles. Al\u00e9m disso, esta fam\u00edlia queria que a menina voltasse para sua fam\u00edlia verdadeira, mas temiam por sua seguran\u00e7a e, assim, ficaram com ela, protegeram e cuidaram de Cristina.<br \/>\nEm viagem, uma equipe da ACN se reuniu com os pais de Cristina quando ainda n\u00e3o se sabia onde ela estava. Foi um encontro forte e dif\u00edcil, mas tamb\u00e9m foi surpreendente testemunhar a f\u00e9 deles. Eles sempre tiveram f\u00e9 de que Cristina retornaria?<\/p>\n<p>Por dois anos, alguns fragmentos de informa\u00e7\u00e3o chegavam at\u00e9 a fam\u00edlia, mas ainda n\u00e3o tinham entrado em contato com ela. Gra\u00e7as a muitas ag\u00eancias de not\u00edcias e outras m\u00eddias a hist\u00f3ria foi amplamente difundida, al\u00e9m das tentativas da pr\u00f3pria fam\u00edlia em divulgar sua foto para encontr\u00e1-la. O pai dela rezava o ter\u00e7o todos os dias pedindo a volta da filha e, no alojamento onde vivem, havia imagens de santos junto da foto da menina. Muitos fi\u00e9is se uniram \u00e0 fam\u00edlia em ora\u00e7\u00e3o pelo regresso de Cristina e de todas as outras pessoas desaparecidas.<br \/>\nComo foi poss\u00edvel agora que Cristina fosse trazida para junto da sua fam\u00edlia?<\/p>\n<p>Quando come\u00e7aram as lutas no sul de Mossul, a fam\u00edlia mu\u00e7ulmana que estava cuidando da menina se mudou para um lugar mais seguro. O pai dessa fam\u00edlia procurou algu\u00e9m que conhecia Cristina e pediu o n\u00famero de celular de um membro da fam\u00edlia da crian\u00e7a. Conseguiu assim o n\u00famero de telefone do irm\u00e3o mais velho de Cristina, ligou para ele na noite de 9 de junho de 2017 e lhe disse para buscar a menina em um bairro de Mossul.<\/p>\n<p>No dia seguinte, na manh\u00e3 da sexta-feira 10 de junho, a fam\u00edlia de Cristina chegou no ponto de encontro e as duas fam\u00edlias se conheceram. Cristina estava muito bem e foi entregue \u00e0 sua fam\u00edlia verdadeira. Seu pais agradeceram a fam\u00edlia que havia cuidado dela durante esses tr\u00eas anos. Assim, finalmente, Cristina voltou para seus verdadeiros pais, sua fam\u00edlia, seus parentes, seu povo.<br \/>\nComo est\u00e1 Cristina? Deve estar bastante confusa&#8230;<\/p>\n<p>Atualmente ela est\u00e1 com quase seis anos de idade, ainda est\u00e1 em choque e tem medo, pois se esqueceu de seu pai, sua m\u00e3e, irm\u00e3o e irm\u00e3s. Tamb\u00e9m se esqueceu da sua l\u00edngua materna s\u00edria; quando voltou s\u00f3 sabia falar \u00e1rabe. Agora fala um pouco com sua fam\u00edlia e pessoas que os visitam. As vezes sorri, outras vezes, n\u00e3o. Brinca com os presentes que lhe d\u00e3o quando a visitam.<\/p>\n<p><img decoding=\"async\" class=\"alignleft\" src=\"http:\/\/www.catolicanet.com.br\/images\/stories\/noticias2017\/familia-cristina.jpg\" align=\"left\" border=\"0\" \/>Fam\u00edlia de Cristina<br \/>\nA fam\u00edlia sempre confiou na volta de Cristina<\/p>\n<p>Como descreveria a rea\u00e7\u00e3o dos pais e de toda a comunidade que rezou por ela?<\/p>\n<p>A m\u00e3e ficou muito emocionada e chorou l\u00e1grimas de felicidade. Para ela, a volta de sua filha \u00e9 um milagre. Ficou muito impressionada como a menina cresceu e mudou e, inicialmente, n\u00e3o a reconheceu. \u201cDamos gra\u00e7as a Deus por t\u00ea-la salvado o EI\u201d, disse o pai. Seus irm\u00e3os e irm\u00e3s, n\u00e3o tinham palavras para expressarem seus sentimentos. A comunidade recebeu a menina com m\u00fasicas e dan\u00e7as e organizaram uma pequena festa onde vive a fam\u00edlia. Tamb\u00e9m rezaram, todos juntos, dando gra\u00e7as a Deus pela volta de Cristina e pedindo pelos desaparecidos que ainda est\u00e3o no poder do EI. Ainda h\u00e1 pessoas que v\u00e3o at\u00e9 a fam\u00edlia para felicitar a volta de Cristina.<br \/>\nO senhor disse que a menina n\u00e3o \u00e9 o \u00fanico caso de sequestro de crian\u00e7as crist\u00e3s e yazidis pelo EI, conhece algum outro caso de retorno?<\/p>\n<p>N\u00e3o sei de nenhum outro caso em que uma crian\u00e7a tenha sido libertada e tenha conseguido voltar para sua fam\u00edlia. O que sei bem \u00e9 que h\u00e1 muitos crist\u00e3os capturados pelo EI, dos quais n\u00e3o se sabe nada, incluindo crian\u00e7as pequenas, adolescentes, homens, mulheres, jovens e idosos.<br \/>\nSabe algo sobre os planos futuros da fam\u00edlia de Cristina?<\/p>\n<p>A casa deles em Qaraqosh est\u00e1 destru\u00edda, motivo pelo qual vivem em um pequeno cont\u00eainer de dois dormit\u00f3rios. Seu irm\u00e3o mais velho, que trabalha em uma padaria em Erbil, nos contou: \u201cSinceramente, n\u00e3o temos nenhum futuro aqui no Iraque. Faz seis meses que abrimos o pedido de visto para a Fran\u00e7a, mas ainda n\u00e3o tivemos resposta. Este cont\u00eainer \u00e9 muito pequeno e a vida est\u00e1 bem dif\u00edcil\u201d. Clamo a todas as organiza\u00e7\u00f5es e institui\u00e7\u00f5es que atendem crian\u00e7as para que apoiem a fam\u00edlia de Cristina e ofere\u00e7am apoio psicol\u00f3gico para ajudar a menina a se reintegrar na sua fam\u00edlia e comunidade.<br \/>\nO senhor tem uma mensagem para os amigos e benfeitores da ACN no mundo inteiro?<\/p>\n<p>Minha mensagem \u00e9 como uma ora\u00e7\u00e3o: \u201cDamos gra\u00e7as a Deus por esta grande ben\u00e7\u00e3o e milagre que nos aconteceu. Damos gra\u00e7as \u00e0 fam\u00edlia mu\u00e7ulmana que cuidou de Cristina. Damos gra\u00e7as a todos os que contribu\u00edram para a sua volta. Rezamos por Cristina, para que possa recome\u00e7ar a rela\u00e7\u00e3o de amor com seus pais verdadeiros e possa se integrar a sua comunidade crist\u00e3. Rezamos pela fam\u00edlia de Cristina, que ainda est\u00e1 em choque pela volta da filha. Isto foi um verdadeiro milagre, um novo nascimento e uma nova vida. Rezamos por aqueles que podem ajudar essa menina e fam\u00edlia. Rezamos pela volta dos cativos, presos e sequestrados pelo EI e outras fac\u00e7\u00f5es. Tamb\u00e9m rezamos para que a paz, a seguran\u00e7a e a estabilidade prevale\u00e7am no nosso Iraque ferido e em todo o mundo\u201d.<\/p>\n<p style=\"text-align: justify;\">\n<p style=\"text-align: justify;\">Fonte: ACN<\/p>\n","protected":false},"excerpt":{"rendered":"<p>Depois de tr\u00eas anos, a menina Cristina retorna \u00e0 sua fam\u00edlia. Depois de tr\u00eas anos, a menina Cristina retorna \u00e0 sua fam\u00edlia. Na noite do dia 6 de agosto de 2014, o autodenominado Estado Isl\u00e2mico (EI) ocupou as regi\u00f5es hist\u00f3ricas da Plan\u00edcie de N\u00ednive, no Iraque, e varreu seus habitantes \u2013 os crist\u00e3os \u2013 dali, [&hellip;]<\/p>\n","protected":false},"author":1,"featured_media":32038,"comment_status":"open","ping_status":"open","sticky":false,"template":"","format":"standard","meta":{"footnotes":""},"categories":[4],"tags":[],"class_list":["post-32037","post","type-post","status-publish","format-standard","has-post-thumbnail","hentry","category-cotidiano"],"_links":{"self":[{"href":"https:\/\/catolicanet.net\/wp-cnet\/wp-json\/wp\/v2\/posts\/32037","targetHints":{"allow":["GET"]}}],"collection":[{"href":"https:\/\/catolicanet.net\/wp-cnet\/wp-json\/wp\/v2\/posts"}],"about":[{"href":"https:\/\/catolicanet.net\/wp-cnet\/wp-json\/wp\/v2\/types\/post"}],"author":[{"embeddable":true,"href":"https:\/\/catolicanet.net\/wp-cnet\/wp-json\/wp\/v2\/users\/1"}],"replies":[{"embeddable":true,"href":"https:\/\/catolicanet.net\/wp-cnet\/wp-json\/wp\/v2\/comments?post=32037"}],"version-history":[{"count":1,"href":"https:\/\/catolicanet.net\/wp-cnet\/wp-json\/wp\/v2\/posts\/32037\/revisions"}],"predecessor-version":[{"id":32039,"href":"https:\/\/catolicanet.net\/wp-cnet\/wp-json\/wp\/v2\/posts\/32037\/revisions\/32039"}],"wp:featuredmedia":[{"embeddable":true,"href":"https:\/\/catolicanet.net\/wp-cnet\/wp-json\/wp\/v2\/media\/32038"}],"wp:attachment":[{"href":"https:\/\/catolicanet.net\/wp-cnet\/wp-json\/wp\/v2\/media?parent=32037"}],"wp:term":[{"taxonomy":"category","embeddable":true,"href":"https:\/\/catolicanet.net\/wp-cnet\/wp-json\/wp\/v2\/categories?post=32037"},{"taxonomy":"post_tag","embeddable":true,"href":"https:\/\/catolicanet.net\/wp-cnet\/wp-json\/wp\/v2\/tags?post=32037"}],"curies":[{"name":"wp","href":"https:\/\/api.w.org\/{rel}","templated":true}]}}