{"id":32034,"date":"2017-06-20T12:00:50","date_gmt":"2017-06-20T15:00:50","guid":{"rendered":"http:\/\/catolicanet.net\/wp-cnet\/?p=32034"},"modified":"2017-06-27T15:38:12","modified_gmt":"2017-06-27T18:38:12","slug":"20-de-junho-dia-mundial-do-refugiado","status":"publish","type":"post","link":"https:\/\/catolicanet.net\/wp-cnet\/20-de-junho-dia-mundial-do-refugiado\/","title":{"rendered":"20 de Junho: Dia Mundial do Refugiado"},"content":{"rendered":"<p>Em 2016, a ACN apoiou 96 projetos para refugiados e mais de 11 milh\u00f5es de euros foram dedicados a ajudar os refugiados em todo o mundo. Estamos com os refugiados!<\/p>\n<p>Quando a mil\u00edcia atacou a sua aldeia, eles entenderam que n\u00e3o havia tempo a perder. Eles pegaram seus filhos e correram para salvar suas vidas.<\/p>\n<p>Vamos cham\u00e1-los de &#8220;fam\u00edlia X&#8221; da Nig\u00e9ria: o pai foi morto quando eles fugiam, a m\u00e3e e os filhos conseguiram chegar a um campo de refugiados. Entretanto, apesar do campo oferecer um certo grau de seguran\u00e7a, n\u00e3o se tem nunca o suficiente de qualquer coisa. \u00c1gua, alimenta\u00e7\u00e3o, cobertores, medicamentos e itens de higiene s\u00e3o escassos. Os refugiados est\u00e3o tomados por um grande cansa\u00e7o. Eles est\u00e3o traumatizados. Eles viram membros de suas fam\u00edlias serem mortos ou se perderam enquanto tentavam fugir. Eles n\u00e3o tem mais uma casa para onde possam retornar. A incerteza corr\u00f3i como um rato faminto. Eles se perguntam todos os dias a mesma quest\u00e3o: &#8220;e agora?&#8221;<\/p>\n<p><a href=\"https:\/\/www.youtube.com\/watch?v=LJNOLxGRpDc\">Clique aqui para ver o v\u00eddeo:<\/a><\/p>\n<p>A fam\u00edlia X representa incont\u00e1veis fam\u00edlias de refugiados por todo o mundo, todas elas com hist\u00f3rias semelhantes para contar. Aproximadamente cerca de 51,2 milh\u00f5es de pessoas est\u00e3o atualmente em busca de um porto seguro. Eles vem da Nig\u00e9ria, da Eritreia ou do Sud\u00e3o do Sul, da S\u00edria, Iraque ou Ucr\u00e2nia. Eles est\u00e3o fugindo da guerra, do terror, da repress\u00e3o pol\u00edtica e religiosa. Os seus perseguidores podem ter nomes diferentes, mas semeiam destrui\u00e7\u00e3o sob a mesma m\u00e1scara do \u00f3dio e da ilus\u00e3o.<\/p>\n<p>A organiza\u00e7\u00e3o terrorista isl\u00e2mica Boko Haram tem devastado o norte da Nig\u00e9ria e da Rep\u00fablica dos Camar\u00f5es h\u00e1 sete anos. Na Rep\u00fablica Centro-Africana, as for\u00e7as rebeldes do Seleka est\u00e3o causando o caos.<\/p>\n<p>No Sud\u00e3o do Sul e na Eritreia, as pessoas est\u00e3o fugindo tanto das rebeli\u00f5es que continuam a surgir entre for\u00e7as rebeldes como de repress\u00f5es pol\u00edticas e religiosas. Muitos encontraram abrigo em campos de refugiados na Eti\u00f3pia.<\/p>\n<p>No Oriente M\u00e9dio, a guerra e a organiza\u00e7\u00e3o terrorista Estado Isl\u00e2mico fizeram com que centenas de milhares de s\u00edrios e iraquianos sa\u00edssem de suas terras e intensificou a onda de emigra\u00e7\u00e3o destes pa\u00edses, que cresceu exponencialmente desde a Primavera \u00c1rabe que come\u00e7ou em 2011. Muitos deles fugiram para pa\u00edses vizinhos como a Turquia, o L\u00edbano e a Jord\u00e2nia.<\/p>\n<p>Desde a sua funda\u00e7\u00e3o, os refugiados sempre foram uma preocupa\u00e7\u00e3o para a Ajuda \u00e0 Igreja que Sofre. Este ainda hoje \u00e9 o caso.<\/p>\n<p>Atrav\u00e9s de seus projetos de ajuda aos refugiados, a Ajuda \u00e0 Igreja que Sofre mant\u00e9m vivo o legado de seu fundador, o Pe. Werenfried van Straaten. Ele reconheceu a desgra\u00e7a dos refugiados alem\u00e3es ap\u00f3s a II Guerra Mundial e apelou aos seus compatriotas flamengos para fazerem doa\u00e7\u00f5es. Em sua primeira e evocativa carta de pedido, ele escreveu:\u201cMuitos de n\u00f3s estamos aquecidos; muitos de n\u00f3s estamos bem. Temos uma resid\u00eancia, janelas de vidro para nos proteger do frio. Apesar da escassez de alimentos e de outras coisas que prevalecem devido ao per\u00edodo do p\u00f3s-guerra e apesar dos pre\u00e7os exorbitantes, h\u00e1 muito poucas coisas que nos fazem falta. Mas n\u00f3s chegamos a pensar no fato de que l\u00e1 fora h\u00e1 milhares de Marias e Jos\u00e9s que procuram seu caminho pela Europa? De que Cristo est\u00e1 chorando no rosto dos pobres, dos sem teto, dos refugiados, dos famintos, dos sedentos, dos encarcerados, dos doentes e de todos aqueles que Ele chamou de \u201co menor dos meus\u201d e em cuja mis\u00e9ria Ele escondeu sua forma encarnada?\u201d<\/p>\n<p>Uma organiza\u00e7\u00e3o de ajuda nasceu desta miss\u00e3o. A organiza\u00e7\u00e3o pontif\u00edcia de caridade Ajuda \u00e0 Igreja que Sofre se desenvolveu a partir das primeiras campanhas de levantamento de fundos do Pe. Werenfried e agora ela conta com seus benfeitores em 23 pa\u00edses. Em 2016, a ACN apoiou 96 projetos para refugiados e mais de 11 milh\u00f5es de euros foram dedicados a ajudar os refugiados em todo o mundo. Os sacerdotes e os irm\u00e3os e irm\u00e3s religiosos que ajudam as fam\u00edlias deslocadas e refugiadas est\u00e3o fazendo milagres: multiplicam a ajuda que recebem para alcan\u00e7ar o maior n\u00famero poss\u00edvel de pessoas. N\u00e3o se esque\u00e7a dos refugiados!<\/p>\n<p>&nbsp;<\/p>\n<p>Fonte: ACN<\/p>\n","protected":false},"excerpt":{"rendered":"<p>Em 2016, a ACN apoiou 96 projetos para refugiados e mais de 11 milh\u00f5es de euros foram dedicados a ajudar os refugiados em todo o mundo. Estamos com os refugiados! Quando a mil\u00edcia atacou a sua aldeia, eles entenderam que n\u00e3o havia tempo a perder. Eles pegaram seus filhos e correram para salvar suas vidas. [&hellip;]<\/p>\n","protected":false},"author":1,"featured_media":32035,"comment_status":"open","ping_status":"open","sticky":false,"template":"","format":"standard","meta":{"footnotes":""},"categories":[4],"tags":[],"class_list":["post-32034","post","type-post","status-publish","format-standard","has-post-thumbnail","hentry","category-cotidiano"],"_links":{"self":[{"href":"https:\/\/catolicanet.net\/wp-cnet\/wp-json\/wp\/v2\/posts\/32034","targetHints":{"allow":["GET"]}}],"collection":[{"href":"https:\/\/catolicanet.net\/wp-cnet\/wp-json\/wp\/v2\/posts"}],"about":[{"href":"https:\/\/catolicanet.net\/wp-cnet\/wp-json\/wp\/v2\/types\/post"}],"author":[{"embeddable":true,"href":"https:\/\/catolicanet.net\/wp-cnet\/wp-json\/wp\/v2\/users\/1"}],"replies":[{"embeddable":true,"href":"https:\/\/catolicanet.net\/wp-cnet\/wp-json\/wp\/v2\/comments?post=32034"}],"version-history":[{"count":1,"href":"https:\/\/catolicanet.net\/wp-cnet\/wp-json\/wp\/v2\/posts\/32034\/revisions"}],"predecessor-version":[{"id":32036,"href":"https:\/\/catolicanet.net\/wp-cnet\/wp-json\/wp\/v2\/posts\/32034\/revisions\/32036"}],"wp:featuredmedia":[{"embeddable":true,"href":"https:\/\/catolicanet.net\/wp-cnet\/wp-json\/wp\/v2\/media\/32035"}],"wp:attachment":[{"href":"https:\/\/catolicanet.net\/wp-cnet\/wp-json\/wp\/v2\/media?parent=32034"}],"wp:term":[{"taxonomy":"category","embeddable":true,"href":"https:\/\/catolicanet.net\/wp-cnet\/wp-json\/wp\/v2\/categories?post=32034"},{"taxonomy":"post_tag","embeddable":true,"href":"https:\/\/catolicanet.net\/wp-cnet\/wp-json\/wp\/v2\/tags?post=32034"}],"curies":[{"name":"wp","href":"https:\/\/api.w.org\/{rel}","templated":true}]}}