{"id":32028,"date":"2017-06-21T13:39:38","date_gmt":"2017-06-21T16:39:38","guid":{"rendered":"http:\/\/catolicanet.net\/wp-cnet\/?p=32028"},"modified":"2017-06-27T15:23:45","modified_gmt":"2017-06-27T18:23:45","slug":"papa-francisco-vem-ao-chile-para-nos-confirmar-na-fe-afirmam-bispos","status":"publish","type":"post","link":"https:\/\/catolicanet.net\/wp-cnet\/papa-francisco-vem-ao-chile-para-nos-confirmar-na-fe-afirmam-bispos\/","title":{"rendered":"Papa Francisco vem ao Chile para nos confirmar na f\u00e9, afirmam bispos"},"content":{"rendered":"<p>SANTIAGO (ACI).- O N\u00fancio Apost\u00f3lico no Chile, Dom Ivo Scapolo, anunciou na manh\u00e3 de ontem a visita do Papa Francisco ao pa\u00eds, especificamente \u00e0s cidades de Santiago, Temuco e Iquique, entre os dias 15 e 18 de janeiro de 2018.<\/p>\n<p>O an\u00fancio da viagem papal ao pa\u00eds e, em seguida, ao Peru, entre os dias 18 e 21 de janeiro, foi recebido com alegria e esperan\u00e7a pelos bispos chilenos.<\/p>\n<p>O presidente da Confer\u00eancia Episcopal do Chile (CECh), Dom Santiago Silva, manifestou que a viagem do \u201cSanto Padre nos confirmar\u00e1 na f\u00e9, trata-se de um Papa que ama as periferias \u00e9 um Papa que leva muito em considera\u00e7\u00e3o as miseric\u00f3rdias o Senhor\u201d.<\/p>\n<p>\u201cTrata-se de um Papa que d\u00e1 muita import\u00e2ncia ao encontro entre as pessoas, da pessoa com Deus\u201d. \u00c9 um Pont\u00edfice \u201cque d\u00e1 import\u00e2ncia \u00e0 comunh\u00e3o. O Vig\u00e1rio de Jesus Cristo nos visitar\u00e1\u201d, disse na coletiva de imprensa.<\/p>\n<p>\u201cQueremos que sinta que no Chile gostam do amigo quando nos visita. E a partir de agora n\u00f3s abrimos os nossos bra\u00e7os e os nossos cora\u00e7\u00f5es para receb\u00ea-lo, para depositar a sua mensagem em n\u00f3s, cat\u00f3licos, e no pa\u00eds; que quer ser lar, mesa comum para todos\u201d, acrescentou.<\/p>\n<p>Por sua parte, o Arcebispo de Santiago, Cardeal Ricardo Ezzati, expressou que o Santo Padre nos diz que \u201cn\u00e3o devemos ter medo. Que o Senhor prometeu a Pedro e, consequentemente a ele, que a constru\u00e7\u00e3o da Igreja sobre esta pedra \u00e9 uma constru\u00e7\u00e3o segura e resistente\u201d.<\/p>\n<p>\u201cOs poderes adversos do mal nunca prevalecer\u00e3o sobre a miss\u00e3o salv\u00edfica, a miseric\u00f3rdia que Deus Pai quer manifestar para todos neste tempo\u201d.<\/p>\n<p>Enquanto isso, o Bispo de Temuco, Dom H\u00e9ctor Vargas, recebeu a not\u00edcia com \u201cmuita alegria e esperan\u00e7a\u201d, especialmente por ser a primeira visita de um Papa latino-americano.<\/p>\n<p>\u201cPor isso, tem a mesma sensibilidade em rela\u00e7\u00e3o ao que somos, conhece-nos muito bem e est\u00e1 ciente das nossas necessidades, das nossas esperan\u00e7as e dos nossos problemas no pa\u00eds\u201d, disse Dom Vargas.<\/p>\n<p>O Bispo de S\u00e3o Jos\u00e9 de Temuco, no sul do Chile, agradeceu a considera\u00e7\u00e3o do Papa com a diocese que atualmente enfrenta uma situa\u00e7\u00e3o complexa de viol\u00eancia devido ao conflito mapuche e tem as maiores taxas de pobreza do pa\u00eds.<\/p>\n<p>\u201cVivemos situa\u00e7\u00f5es e climas complexos e dif\u00edceis. Em uma regi\u00e3o lamentavelmente ferida, fraturada, mas n\u00e3o por isso sem esperan\u00e7a, com coragem e desejo de seguir em frente e ser capaz de responder aos grandes anseios que existem nos diversos setores da regi\u00e3o e tamb\u00e9m no povo mapuche\u201d, expressou Dom Vargas.<\/p>\n<p>Em um lugar caracterizado por ter a maior popula\u00e7\u00e3o de \u00edndios mapuches, cujos fi\u00e9is celebraram a sua devo\u00e7\u00e3o a Nossa Senhora de Lourdes a cada 8 de dezembro, o Santo Padre nos trar\u00e1 \u201cencorajamento, esperan\u00e7a, for\u00e7a, nos confirmar\u00e1 na f\u00e9, como t\u00eam que fazer os sucessores de Pedro\u201d.<\/p>\n<p>&nbsp;<\/p>\n<p>Fonte: Acidigital<\/p>\n","protected":false},"excerpt":{"rendered":"<p>SANTIAGO (ACI).- O N\u00fancio Apost\u00f3lico no Chile, Dom Ivo Scapolo, anunciou na manh\u00e3 de ontem a visita do Papa Francisco ao pa\u00eds, especificamente \u00e0s cidades de Santiago, Temuco e Iquique, entre os dias 15 e 18 de janeiro de 2018. O an\u00fancio da viagem papal ao pa\u00eds e, em seguida, ao Peru, entre os dias [&hellip;]<\/p>\n","protected":false},"author":1,"featured_media":32029,"comment_status":"open","ping_status":"open","sticky":false,"template":"","format":"standard","meta":{"footnotes":""},"categories":[4],"tags":[],"class_list":["post-32028","post","type-post","status-publish","format-standard","has-post-thumbnail","hentry","category-cotidiano"],"_links":{"self":[{"href":"https:\/\/catolicanet.net\/wp-cnet\/wp-json\/wp\/v2\/posts\/32028","targetHints":{"allow":["GET"]}}],"collection":[{"href":"https:\/\/catolicanet.net\/wp-cnet\/wp-json\/wp\/v2\/posts"}],"about":[{"href":"https:\/\/catolicanet.net\/wp-cnet\/wp-json\/wp\/v2\/types\/post"}],"author":[{"embeddable":true,"href":"https:\/\/catolicanet.net\/wp-cnet\/wp-json\/wp\/v2\/users\/1"}],"replies":[{"embeddable":true,"href":"https:\/\/catolicanet.net\/wp-cnet\/wp-json\/wp\/v2\/comments?post=32028"}],"version-history":[{"count":1,"href":"https:\/\/catolicanet.net\/wp-cnet\/wp-json\/wp\/v2\/posts\/32028\/revisions"}],"predecessor-version":[{"id":32030,"href":"https:\/\/catolicanet.net\/wp-cnet\/wp-json\/wp\/v2\/posts\/32028\/revisions\/32030"}],"wp:featuredmedia":[{"embeddable":true,"href":"https:\/\/catolicanet.net\/wp-cnet\/wp-json\/wp\/v2\/media\/32029"}],"wp:attachment":[{"href":"https:\/\/catolicanet.net\/wp-cnet\/wp-json\/wp\/v2\/media?parent=32028"}],"wp:term":[{"taxonomy":"category","embeddable":true,"href":"https:\/\/catolicanet.net\/wp-cnet\/wp-json\/wp\/v2\/categories?post=32028"},{"taxonomy":"post_tag","embeddable":true,"href":"https:\/\/catolicanet.net\/wp-cnet\/wp-json\/wp\/v2\/tags?post=32028"}],"curies":[{"name":"wp","href":"https:\/\/api.w.org\/{rel}","templated":true}]}}