{"id":31997,"date":"2017-06-20T15:08:39","date_gmt":"2017-06-20T18:08:39","guid":{"rendered":"http:\/\/catolicanet.net\/wp-cnet\/?p=31997"},"modified":"2017-06-27T14:24:31","modified_gmt":"2017-06-27T17:24:31","slug":"cnbb-lanca-edital-de-concurso-para-escolha-do-cartaz-da-campanha-da-fraternidade-2018","status":"publish","type":"post","link":"https:\/\/catolicanet.net\/wp-cnet\/cnbb-lanca-edital-de-concurso-para-escolha-do-cartaz-da-campanha-da-fraternidade-2018\/","title":{"rendered":"CNBB lan\u00e7a edital de concurso para escolha do cartaz da Campanha da Fraternidade 2018"},"content":{"rendered":"<p>A Confer\u00eancia Nacional dos Bispos do Brasil (CNBB) lan\u00e7a nesta ter\u00e7a-feira, 20, o concurso para a escolha do cartaz da Campanha da Fraternidade 2018. Os interessados dever\u00e3o enviar suas propostas at\u00e9 o dia 20 de julho.<\/p>\n<p>Com base no tema da CF2018 \u201cFraternidade e supera\u00e7\u00e3o da viol\u00eancia\u201d e o lema \u201cV\u00f3s sois todos irm\u00e3os\u201d, o cartaz da Campanha da Fraternidade dever\u00e1 conter al\u00e9m da arte, os dizeres do t\u00edtulo e do lema. Al\u00e9m disso, \u00e9 exigido tamb\u00e9m que a mensagem possa ser lida, entendida e assimilada pelo p\u00fablico a uma razo\u00e1vel dist\u00e2ncia de 10 metros.<\/p>\n<p>Em rela\u00e7\u00e3o \u00e0s caracter\u00edsticas, o edital sugere que a mensagem exposta no cartaz apresente um impacto no p\u00fablico e d\u00ea um maior destaque ao tema e, posteriormente, ao lema. Tamb\u00e9m \u00e9 proposto que o candidato pense em uma arte que seja vi\u00e1vel para ser aplicada al\u00e9m do cartaz como por exemplo, adesivo, camiseta, bon\u00e9s, mochilas.<\/p>\n<p>As cria\u00e7\u00f5es dever\u00e3o ser encaminhadas \u00e0 sede da CNBB at\u00e9 o dia 20 de julho. O Conselho Episcopal Pastoral (Consep) da CNBB proceder\u00e1 a escolha do cartaz, tendo liberdade para sugerir as modifica\u00e7\u00f5es necess\u00e1rias. O autor ser\u00e1 premiado com o manual dos subs\u00eddios da CF 2017 e ter\u00e1 o nome em todos os textos impressos.<\/p>\n<p>\u201cOs bispos do Conselho Episcopal Pastoral (Consep) agradecem aos que se sentiram inspirados a partilhar do seu talento para construir o instrumental capaz de fazer chegar ao cora\u00e7\u00e3o de cada irm\u00e3o e irm\u00e3 a mensagem de Jesus, nosso Senhor e Salvador. Por intercess\u00e3o de Nossa M\u00e3e Aparecida, des\u00e7a sobre o povo brasileiro a b\u00ean\u00e7\u00e3o de Deus Pai e Filho e Esp\u00edrito Santo\u201d.<\/p>\n<p>Campanha da Fraternidade<\/p>\n<p>Em 1964, em pleno desenvolvimento do Conc\u00edlio Vaticano II, realizou-se a primeira Campanha da Fraternidade, em \u00e2mbito nacional, sob os cuidados da CNBB. Express\u00e3o de comunh\u00e3o, convers\u00e3o e partilha, a CF tem como objetivos permanentes despertar o esp\u00edrito comunit\u00e1rio e crist\u00e3o na busca do bem comum; educar para a vida em fraternidade e renovar a consci\u00eancia da responsabilidade de todos pela a\u00e7\u00e3o evangelizadora, em vista de uma sociedade justa e solid\u00e1ria.<\/p>\n<p>A cada ano, os bispos do Consep da CNBB, acolhendo as sugest\u00f5es vindas dos regionais da CNBB, das organiza\u00e7\u00f5es eclesiais, escolhem um tema e um lema para chamar a aten\u00e7\u00e3o sobre alguma situa\u00e7\u00e3o que, na sociedade, precisa de cuidados para o bem de todos. Para o ano de 2018, foi escolhido o tema \u201cFraternidade e supera\u00e7\u00e3o da viol\u00eancia\u201d e o lema: \u201cV\u00f3s sois todos irm\u00e3os\u201d (Mt 28,3). Um dos objetivos este ano \u00e9 \u201cconstruir a fraternidade, promovendo a cultura da paz, da reconcilia\u00e7\u00e3o e da justi\u00e7a, \u00e0 luz da Palavra de Deus, como caminho de supera\u00e7\u00e3o da viol\u00eancia\u201d.<\/p>\n<p>&nbsp;<\/p>\n<p>Fonte: CNBB<\/p>\n","protected":false},"excerpt":{"rendered":"<p>A Confer\u00eancia Nacional dos Bispos do Brasil (CNBB) lan\u00e7a nesta ter\u00e7a-feira, 20, o concurso para a escolha do cartaz da Campanha da Fraternidade 2018. Os interessados dever\u00e3o enviar suas propostas at\u00e9 o dia 20 de julho. Com base no tema da CF2018 \u201cFraternidade e supera\u00e7\u00e3o da viol\u00eancia\u201d e o lema \u201cV\u00f3s sois todos irm\u00e3os\u201d, o [&hellip;]<\/p>\n","protected":false},"author":1,"featured_media":31998,"comment_status":"open","ping_status":"open","sticky":false,"template":"","format":"standard","meta":{"footnotes":""},"categories":[7],"tags":[],"class_list":["post-31997","post","type-post","status-publish","format-standard","has-post-thumbnail","hentry","category-cnbb"],"_links":{"self":[{"href":"https:\/\/catolicanet.net\/wp-cnet\/wp-json\/wp\/v2\/posts\/31997","targetHints":{"allow":["GET"]}}],"collection":[{"href":"https:\/\/catolicanet.net\/wp-cnet\/wp-json\/wp\/v2\/posts"}],"about":[{"href":"https:\/\/catolicanet.net\/wp-cnet\/wp-json\/wp\/v2\/types\/post"}],"author":[{"embeddable":true,"href":"https:\/\/catolicanet.net\/wp-cnet\/wp-json\/wp\/v2\/users\/1"}],"replies":[{"embeddable":true,"href":"https:\/\/catolicanet.net\/wp-cnet\/wp-json\/wp\/v2\/comments?post=31997"}],"version-history":[{"count":1,"href":"https:\/\/catolicanet.net\/wp-cnet\/wp-json\/wp\/v2\/posts\/31997\/revisions"}],"predecessor-version":[{"id":31999,"href":"https:\/\/catolicanet.net\/wp-cnet\/wp-json\/wp\/v2\/posts\/31997\/revisions\/31999"}],"wp:featuredmedia":[{"embeddable":true,"href":"https:\/\/catolicanet.net\/wp-cnet\/wp-json\/wp\/v2\/media\/31998"}],"wp:attachment":[{"href":"https:\/\/catolicanet.net\/wp-cnet\/wp-json\/wp\/v2\/media?parent=31997"}],"wp:term":[{"taxonomy":"category","embeddable":true,"href":"https:\/\/catolicanet.net\/wp-cnet\/wp-json\/wp\/v2\/categories?post=31997"},{"taxonomy":"post_tag","embeddable":true,"href":"https:\/\/catolicanet.net\/wp-cnet\/wp-json\/wp\/v2\/tags?post=31997"}],"curies":[{"name":"wp","href":"https:\/\/api.w.org\/{rel}","templated":true}]}}