{"id":3195,"date":"2013-10-23T13:03:36","date_gmt":"2013-10-23T15:03:36","guid":{"rendered":"http:\/\/catolicanet.net\/wp-cnet\/encontro-do-papa-com-os-capelaes-dos-carceres-italianos\/"},"modified":"2017-03-23T14:32:29","modified_gmt":"2017-03-23T17:32:29","slug":"encontro-do-papa-com-os-capelaes-dos-carceres-italianos","status":"publish","type":"post","link":"https:\/\/catolicanet.net\/wp-cnet\/encontro-do-papa-com-os-capelaes-dos-carceres-italianos\/","title":{"rendered":"Encontro do Papa com os Capel\u00e3es dos c\u00e1rceres italianos"},"content":{"rendered":"<p style=\"text-align: justify;\"><img decoding=\"async\" src=\"http:\/\/catolicanet.com.br\/images\/stories\/papasentado.jpg\" border=\"0\" align=\"left\" \/>Momentos antes da Audi\u00eancia geral, o Papa Francisco recebeu, na Sala Paulo VI, no Vaticano, cerca de 200 participantes no Encontro Nacional de Capel\u00e3es dos C\u00e1rceres da It\u00e1lia.<\/p>\n<p>Em suas breves palavras, o Santo Padre cumprimentou os Capel\u00e3es, pedindo-lhes para dizer a todos os presos, em territ\u00f3rio italiano, que reza ao Senhor e a Nossa Senhora, afim de que possam superar positivamente este per\u00edodo dif\u00edcil da sua vida.<\/p>\n<p>O Papa faz votos de que os encarcerados n\u00e3o desanimem, n\u00e3o se fechem, porque o Senhor est\u00e1 ao lado deles, dentro das suas celas com eles:<\/p>\n<p>\u201cNenhuma cela \u00e9 t\u00e3o isolada a ponto de excluir o Senhor&#8230; nenhuma. Ele est\u00e1 ali: chora com eles, trabalha com eles, espera com eles. Seu amor paterno e materno chega a todos os lugares. Espero que cada um deles abra seus cora\u00e7\u00f5es a este amor do Senhor\u201d.<\/p>\n<p>O Bispo de Roma concluiu seu pronunciamento, dizendo que tamb\u00e9m reza pelos Capel\u00e3es, pelo seu minist\u00e9rio, t\u00e3o cansativo e importante, pois representa uma das obras de miseric\u00f3rdia. Voc\u00eas, disse o Papa, s\u00e3o sinais da presen\u00e7a de Cristo entre estes irm\u00e3os, que tanto precisam de esperan\u00e7a. \u201cQue o Senhor os aben\u00e7oe e Nossa Senhora os acompanhe!\u201d<\/p>\n<p style=\"text-align: justify;\">\u00a0<\/p>\n<p style=\"text-align: justify;\"><strong>Local: Cidade do Vaticano <br \/>Fonte: R\u00e1dio Vaticano<\/strong><\/p>\n","protected":false},"excerpt":{"rendered":"<p>Momentos antes da Audi\u00eancia geral, o Papa Francisco recebeu, na Sala Paulo VI, no Vaticano, cerca de 200 participantes no Encontro Nacional de Capel\u00e3es dos C\u00e1rceres da It\u00e1lia. Em suas breves palavras, o Santo Padre cumprimentou os Capel\u00e3es, pedindo-lhes para dizer a todos os presos, em territ\u00f3rio italiano, que reza ao Senhor e a Nossa [&hellip;]<\/p>\n","protected":false},"author":1,"featured_media":0,"comment_status":"closed","ping_status":"closed","sticky":false,"template":"","format":"standard","meta":{"footnotes":""},"categories":[3],"tags":[],"class_list":["post-3195","post","type-post","status-publish","format-standard","hentry","category-vaticano"],"_links":{"self":[{"href":"https:\/\/catolicanet.net\/wp-cnet\/wp-json\/wp\/v2\/posts\/3195","targetHints":{"allow":["GET"]}}],"collection":[{"href":"https:\/\/catolicanet.net\/wp-cnet\/wp-json\/wp\/v2\/posts"}],"about":[{"href":"https:\/\/catolicanet.net\/wp-cnet\/wp-json\/wp\/v2\/types\/post"}],"author":[{"embeddable":true,"href":"https:\/\/catolicanet.net\/wp-cnet\/wp-json\/wp\/v2\/users\/1"}],"replies":[{"embeddable":true,"href":"https:\/\/catolicanet.net\/wp-cnet\/wp-json\/wp\/v2\/comments?post=3195"}],"version-history":[{"count":1,"href":"https:\/\/catolicanet.net\/wp-cnet\/wp-json\/wp\/v2\/posts\/3195\/revisions"}],"predecessor-version":[{"id":7645,"href":"https:\/\/catolicanet.net\/wp-cnet\/wp-json\/wp\/v2\/posts\/3195\/revisions\/7645"}],"wp:attachment":[{"href":"https:\/\/catolicanet.net\/wp-cnet\/wp-json\/wp\/v2\/media?parent=3195"}],"wp:term":[{"taxonomy":"category","embeddable":true,"href":"https:\/\/catolicanet.net\/wp-cnet\/wp-json\/wp\/v2\/categories?post=3195"},{"taxonomy":"post_tag","embeddable":true,"href":"https:\/\/catolicanet.net\/wp-cnet\/wp-json\/wp\/v2\/tags?post=3195"}],"curies":[{"name":"wp","href":"https:\/\/api.w.org\/{rel}","templated":true}]}}