{"id":31879,"date":"2017-06-19T11:25:01","date_gmt":"2017-06-19T14:25:01","guid":{"rendered":"http:\/\/catolicanet.net\/wp-cnet\/?p=31879"},"modified":"2017-06-21T11:04:35","modified_gmt":"2017-06-21T14:04:35","slug":"incendios-caritas-diocesanas-organizam-ajuda-para-as-populacoes","status":"publish","type":"post","link":"https:\/\/catolicanet.net\/wp-cnet\/incendios-caritas-diocesanas-organizam-ajuda-para-as-populacoes\/","title":{"rendered":"Inc\u00eandios: C\u00e1ritas diocesanas organizam ajuda para as popula\u00e7\u00f5es"},"content":{"rendered":"<p>Recolhas de donativos e vestu\u00e1rio decorrem em v\u00e1rios pontos do pa\u00eds<\/p>\n<p>Lisboa, 19 jun 2017 (Ecclesia) &#8211; As C\u00e1ritas das v\u00e1rias dioceses portuguesas est\u00e3o a organizar recolhas de donativos e vestu\u00e1rio para as popula\u00e7\u00f5es atingidas pelo inc\u00eandio que deflagrou este s\u00e1bado em Pedr\u00f3g\u00e3o Grande, provocando mais de 60 mortes, dezenas de feridos e elevados danos materiais.<\/p>\n<p>A C\u00e1ritas Diocesana de Leiria-F\u00e1tima informou hoje em comunicado enviado \u00e0 Ag\u00eancia ECCLESIA que enviou para o local \u201c1500 pe\u00e7as de roupa, entre atalhados, len\u00e7\u00f3is, roupa de crian\u00e7a e adulto e cal\u00e7ado\u201d, e 20 colch\u00f5es tripartidos para os bombeiros que atuam no terreno.<\/p>\n<p>Para apoio imediato \u00e0s \u201cprimeiras necessidades\u201d que afetam as popula\u00e7\u00f5es, a C\u00e1ritas Portuguesa j\u00e1 disponibilizou uma verba de 200 mil euros, a que se somam 100 mil euros da C\u00e1ritas Diocesana de Coimbra, 40 mil da C\u00e1ritas Diocesana de Lisboa, 10 mil da de Leiria-F\u00e1tima e 5 mil da C\u00e1ritas Diocesana de Viana do Castelo.<\/p>\n<p>A C\u00e1ritas de Lisboa decidiu ainda canalizar as doa\u00e7\u00f5es que venha a receber nos pr\u00f3ximos tr\u00eas meses \u201cpara o mesmo fim\u201d, adianta numa nota divulgada hoje.<\/p>\n<p>Os inc\u00eandios que atingiram de \u201cforma dram\u00e1tica\u201d as popula\u00e7\u00f5es de Pedr\u00f3g\u00e3o Grande, Castanheira de Pera e Figueir\u00f3 dos Vinhos e outras zonas de Portugal Continental levam a C\u00e1ritas Portuguesa a avan\u00e7ar com a abertura de uma conta solid\u00e1ria para apoiar todas as vitimas dos inc\u00eandios.<\/p>\n<p>A conta &#8216;C\u00e1ritas com Portugal abra\u00e7a v\u00edtimas dos inc\u00eandios&#8217; tem o n\u00famero 0001 200000 730 e o IBAN PT50 0035 0001 00200000 730 54, na Caixa Geral de Dep\u00f3sitos.<\/p>\n<p>A C\u00e1ritas Diocesana de Leiria-F\u00e1tima, que acompanha a situa\u00e7\u00e3o junto da C\u00e1ritas de Coimbra, encontra-se hoje a recolher fraldas de beb\u00e9 e de adulto, papas e leite em p\u00f3, al\u00e9m dos atoalhados e roupa de beb\u00e9 e de crian\u00e7a.<\/p>\n<p>Tamb\u00e9m a C\u00e1ritas Diocesana de Set\u00fabal respondendo a um apelo urgente da C\u00e1ritas Portuguesa, pede a entrega de len\u00e7\u00f3is, atoalhados, cobertores de ver\u00e3o e roupa de crian\u00e7a, at\u00e9 \u00e0s 11h00 de ter\u00e7a-feira.<\/p>\n<p>De acordo com Domingos Sousa, presidente da C\u00e1ritas Diocesana de Set\u00fabal, estes bens dever\u00e3o chegar na ter\u00e7a-feira a Pedr\u00f3g\u00e3o, sendo o seu transporte assegurado pela organiza\u00e7\u00e3o cat\u00f3lica.<\/p>\n<p>A entrega de bens pode ser feita no Centro Social S\u00e3o Francisco Xavier (Pra\u00e7a Te\u00f3filo Braga 13, 2900-647 Set\u00fabal) e no Centro Social Nossa Senhora da Paz (Av\u00aa Francisco Fernandes, Bela Vista 2910 -062 Set\u00fabal).<\/p>\n<p>A C\u00e1ritas Europa associou-se aos esfor\u00e7os em curso no territ\u00f3rio portugu\u00eas, manifestando-se \u201chorrorizada\u201d pela dimens\u00e3o dos fogos.<\/p>\n<p>\u201cJuntamo-nos \u00e0 C\u00e1ritas Portuguesa nas suas ora\u00e7\u00f5es e trabalho pelos que foram afetados por esta calamidade. Apoiemos os seus esfor\u00e7os\u201d, refere a institui\u00e7\u00e3o, numa nota enviada \u00e0 Ag\u00eancia ECCLESIA.<\/p>\n<p>Fonte: Ag\u00eancia Ecclesia<\/p>\n","protected":false},"excerpt":{"rendered":"<p>Recolhas de donativos e vestu\u00e1rio decorrem em v\u00e1rios pontos do pa\u00eds Lisboa, 19 jun 2017 (Ecclesia) &#8211; As C\u00e1ritas das v\u00e1rias dioceses portuguesas est\u00e3o a organizar recolhas de donativos e vestu\u00e1rio para as popula\u00e7\u00f5es atingidas pelo inc\u00eandio que deflagrou este s\u00e1bado em Pedr\u00f3g\u00e3o Grande, provocando mais de 60 mortes, dezenas de feridos e elevados danos [&hellip;]<\/p>\n","protected":false},"author":1,"featured_media":31880,"comment_status":"open","ping_status":"open","sticky":false,"template":"","format":"standard","meta":{"footnotes":""},"categories":[4],"tags":[],"class_list":["post-31879","post","type-post","status-publish","format-standard","has-post-thumbnail","hentry","category-cotidiano"],"_links":{"self":[{"href":"https:\/\/catolicanet.net\/wp-cnet\/wp-json\/wp\/v2\/posts\/31879","targetHints":{"allow":["GET"]}}],"collection":[{"href":"https:\/\/catolicanet.net\/wp-cnet\/wp-json\/wp\/v2\/posts"}],"about":[{"href":"https:\/\/catolicanet.net\/wp-cnet\/wp-json\/wp\/v2\/types\/post"}],"author":[{"embeddable":true,"href":"https:\/\/catolicanet.net\/wp-cnet\/wp-json\/wp\/v2\/users\/1"}],"replies":[{"embeddable":true,"href":"https:\/\/catolicanet.net\/wp-cnet\/wp-json\/wp\/v2\/comments?post=31879"}],"version-history":[{"count":1,"href":"https:\/\/catolicanet.net\/wp-cnet\/wp-json\/wp\/v2\/posts\/31879\/revisions"}],"predecessor-version":[{"id":31881,"href":"https:\/\/catolicanet.net\/wp-cnet\/wp-json\/wp\/v2\/posts\/31879\/revisions\/31881"}],"wp:featuredmedia":[{"embeddable":true,"href":"https:\/\/catolicanet.net\/wp-cnet\/wp-json\/wp\/v2\/media\/31880"}],"wp:attachment":[{"href":"https:\/\/catolicanet.net\/wp-cnet\/wp-json\/wp\/v2\/media?parent=31879"}],"wp:term":[{"taxonomy":"category","embeddable":true,"href":"https:\/\/catolicanet.net\/wp-cnet\/wp-json\/wp\/v2\/categories?post=31879"},{"taxonomy":"post_tag","embeddable":true,"href":"https:\/\/catolicanet.net\/wp-cnet\/wp-json\/wp\/v2\/tags?post=31879"}],"curies":[{"name":"wp","href":"https:\/\/api.w.org\/{rel}","templated":true}]}}