{"id":31841,"date":"2017-06-19T11:42:17","date_gmt":"2017-06-19T14:42:17","guid":{"rendered":"http:\/\/catolicanet.net\/wp-cnet\/?p=31841"},"modified":"2017-06-19T13:15:23","modified_gmt":"2017-06-19T16:15:23","slug":"incendios-papa-mostra-se-consternado-com-numero-de-vitimas","status":"publish","type":"post","link":"https:\/\/catolicanet.net\/wp-cnet\/incendios-papa-mostra-se-consternado-com-numero-de-vitimas\/","title":{"rendered":"Inc\u00eandios: Papa mostra-se \u00abconsternado\u00bb com n\u00famero de v\u00edtimas"},"content":{"rendered":"<p>Francisco envia mensagem de pesar e ora\u00e7\u00e3o para as popula\u00e7\u00f5es das localidades atingidas pelo fogo<\/p>\n<p>Lisboa, 19 jun 2017 (Ecclesia) &#8211; O Papa Francisco enviou hoje uma mensagem ao bispo de Leiria-F\u00e1tima ap\u00f3s o inc\u00eandio em Pedr\u00f3g\u00e3o Grande, mostrando-se \u201cconsternado\u201d com o n\u00famero de v\u00edtimas.<\/p>\n<p>\u201cConsternado pelas numerosas v\u00edtimas do inc\u00eandio em Pedr\u00f3g\u00e3o Grande e localidades vizinhas, o Papa Francisco pede-lhe para transmitir a todos enlutados e provados por este drama a express\u00e3o do seu pesar e a certeza da sua proximidade orante\u201d, refere o texto, a que a Ag\u00eancia ECCLESIA teve acesso.<\/p>\n<p>A mensagem a D. Ant\u00f3nio Marto \u00e9 assinada, em nome do Papa, pelo secret\u00e1rio de Estado do Vaticano, cardeal Pietro Parolin, e foi transmitida pela Nunciatura Apost\u00f3lica (embaixada da Santa S\u00e9) em Portugal, a qual sublinha \u201ca solidariedade do Santo Padre, o Papa Francisco, pelas v\u00edtimas do inc\u00eandio\u201d.<\/p>\n<p>O fogo, que deflagrou este s\u00e1bado concelho de Pedr\u00f3g\u00e3o Grande e alastrou aos concelhos de Figueir\u00f3 dos Vinhos e Castanheira de Pera, no distrito de Leiria, provocou pelo menos 62 mortos, dezenas de feridos e elevados danos materiais.<\/p>\n<p>O Papa \u201crecomenda as v\u00edtimas a Deus Omnipotente e invoca a for\u00e7a e o conforto divinos sobre feridos e desalojados\u201d, concedendo a todos a sua b\u00ean\u00e7\u00e3o apost\u00f3lica.<\/p>\n<p>J\u00e1 este domingo, Francisco tinha rezado no Vaticano pelas v\u00edtimas, em sil\u00eancio, ap\u00f3s deixar uma mensagem de solidariedade.<\/p>\n<p>\u201cManifesto a minha proximidade ao querido povo portugu\u00eas pelo devastador inc\u00eandio que est\u00e1 a atingir as florestas \u00e0 volta de Pedr\u00f3g\u00e3o Grande, causando numerosas v\u00edtimas e feridos&#8221;, disse, perante milhares de pessoas reunidas na Pra\u00e7a de S\u00e3o Pedro para a recita\u00e7\u00e3o do \u00e2ngelus.<\/p>\n<p>Em comunicado, a C\u00e1ritas Diocesana de Leiria-F\u00e1tima informa queenviou para o Pedr\u00f3g\u00e3o Grande 1500 pe\u00e7as de roupa, entre atalhados, len\u00e7\u00f3is, roupa de crian\u00e7a e adulto e cal\u00e7ado; foram ainda entregues 20 colch\u00f5es tripartidos aos bombeiros que est\u00e3o no terreno .<\/p>\n<p>Fonte: Ag\u00eancia Ecclesia<\/p>\n","protected":false},"excerpt":{"rendered":"<p>Francisco envia mensagem de pesar e ora\u00e7\u00e3o para as popula\u00e7\u00f5es das localidades atingidas pelo fogo Lisboa, 19 jun 2017 (Ecclesia) &#8211; O Papa Francisco enviou hoje uma mensagem ao bispo de Leiria-F\u00e1tima ap\u00f3s o inc\u00eandio em Pedr\u00f3g\u00e3o Grande, mostrando-se \u201cconsternado\u201d com o n\u00famero de v\u00edtimas. \u201cConsternado pelas numerosas v\u00edtimas do inc\u00eandio em Pedr\u00f3g\u00e3o Grande e [&hellip;]<\/p>\n","protected":false},"author":1,"featured_media":31842,"comment_status":"open","ping_status":"open","sticky":false,"template":"","format":"standard","meta":{"footnotes":""},"categories":[4],"tags":[],"class_list":["post-31841","post","type-post","status-publish","format-standard","has-post-thumbnail","hentry","category-cotidiano"],"_links":{"self":[{"href":"https:\/\/catolicanet.net\/wp-cnet\/wp-json\/wp\/v2\/posts\/31841","targetHints":{"allow":["GET"]}}],"collection":[{"href":"https:\/\/catolicanet.net\/wp-cnet\/wp-json\/wp\/v2\/posts"}],"about":[{"href":"https:\/\/catolicanet.net\/wp-cnet\/wp-json\/wp\/v2\/types\/post"}],"author":[{"embeddable":true,"href":"https:\/\/catolicanet.net\/wp-cnet\/wp-json\/wp\/v2\/users\/1"}],"replies":[{"embeddable":true,"href":"https:\/\/catolicanet.net\/wp-cnet\/wp-json\/wp\/v2\/comments?post=31841"}],"version-history":[{"count":1,"href":"https:\/\/catolicanet.net\/wp-cnet\/wp-json\/wp\/v2\/posts\/31841\/revisions"}],"predecessor-version":[{"id":31843,"href":"https:\/\/catolicanet.net\/wp-cnet\/wp-json\/wp\/v2\/posts\/31841\/revisions\/31843"}],"wp:featuredmedia":[{"embeddable":true,"href":"https:\/\/catolicanet.net\/wp-cnet\/wp-json\/wp\/v2\/media\/31842"}],"wp:attachment":[{"href":"https:\/\/catolicanet.net\/wp-cnet\/wp-json\/wp\/v2\/media?parent=31841"}],"wp:term":[{"taxonomy":"category","embeddable":true,"href":"https:\/\/catolicanet.net\/wp-cnet\/wp-json\/wp\/v2\/categories?post=31841"},{"taxonomy":"post_tag","embeddable":true,"href":"https:\/\/catolicanet.net\/wp-cnet\/wp-json\/wp\/v2\/tags?post=31841"}],"curies":[{"name":"wp","href":"https:\/\/api.w.org\/{rel}","templated":true}]}}