{"id":31830,"date":"2017-06-19T08:45:30","date_gmt":"2017-06-19T11:45:30","guid":{"rendered":"http:\/\/catolicanet.net\/wp-cnet\/?p=31830"},"modified":"2017-06-19T12:00:22","modified_gmt":"2017-06-19T15:00:22","slug":"belos-tapetes-e-belos-gestos-de-solidariedade","status":"publish","type":"post","link":"https:\/\/catolicanet.net\/wp-cnet\/belos-tapetes-e-belos-gestos-de-solidariedade\/","title":{"rendered":"Belos tapetes e belos gestos de solidariedade"},"content":{"rendered":"<p>O grande romancista russo Dostoi\u00e9vski, num de seus romances, escreve: \u201cO mundo ser\u00e1 salvo pela beleza\u201d. A solenidade de Corpus Christi nos proporcionou um breve momento para contemplar belos e coloridos tapetes e gestos de solidariedade com a doa\u00e7\u00e3o de cobertores, roupas, alimentos, material de higiene. Foi um momento para ressaltar a capacidade humana de harmonizar e ordenar diversos elementos e cores construindo belas obras de arte em vias p\u00fablicas. Corpus Christi provocou pequenas doa\u00e7\u00f5es que resultaram em partilha e amenizaram a necessidade de algumas pessoas.<br \/>\nCronologicamente foi um breve dia, mas vivencialmente foi um grande dia. Foi um dia de pausa num cotidiano onde o notici\u00e1rio \u00e9 recheado de trag\u00e9dias, mortes violentas, corrup\u00e7\u00f5es e outras in\u00fameras cenas e atitudes \u201cfeias\u201d. \u00c9 verdade que cenas e not\u00edcias de trag\u00e9dia atraem as pessoas. Talvez interessam mais que as belas e boas atitudes. Por\u00e9m s\u00e3o cenas de destrui\u00e7\u00e3o, de desfigura\u00e7\u00e3o, de desordem que destroem a beleza da vida e n\u00e3o edificam e nem salvam o mundo. Por isso, faz muito sentido a provoca\u00e7\u00e3o de Dostoi\u00e9vski: \u201cO mundo ser\u00e1 salvo pela beleza\u201d.<br \/>\nOs belos tapetes, nas suas mais variadas formas e cores, proporcionaram uma compreens\u00e3o e aprofundamento da presen\u00e7a real de Cristo, no p\u00e3o e vinho consagrados. S\u00e3o manifesta\u00e7\u00f5es de f\u00e9 no mist\u00e9rio eucar\u00edstico e ao mesmo tempo torna p\u00fablica e anuncia esta convic\u00e7\u00e3o cat\u00f3lica. Neste sentido, \u00e9 uma arte aplicada. Ela transporta ao mist\u00e9rio eucar\u00edstico.<br \/>\nA arte dos tapetes n\u00e3o se fecha na l\u00f3gica do \u00fatil, do funcional e do dinheiro. Algu\u00e9m pode questionar porque gastar tanto tempo e dinheiro para algo que tem vida breve. O evangelista Mateus conta um questionamento an\u00e1logo quando uma mulher unge os p\u00e9s de Jesus com um perfume caro: \u201cPara que este desperd\u00edcio? Este perfume podia ser vendido por um bom pre\u00e7o, e o dinheiro, dado aos pobres. Jesus respondeu e disse-lhes: Por que incomodais esta mulher? Ela praticou uma boa a\u00e7\u00e3o para comigo\u201d (Mateus 25, 8-10). A vida humana n\u00e3o pode ser reduzida ao materialismo.<br \/>\nA confec\u00e7\u00e3o dos tapetes, normalmente, \u00e9 realizada volunt\u00e1ria e coletivamente. \u00c9 uma obra de arte feita por muitas m\u00e3os. Isto significa que as pessoas envolvidas precisam estar de acordo com o projeto, dialogarem, colocarem em comum as pr\u00f3prias habilidades. Torna-se uma rica oportunidade de estabelecer la\u00e7os, somar for\u00e7as, romper a rotina e a acomoda\u00e7\u00e3o. \u00c9 uma oportunidade de exercer o voluntariado que \u00e9 t\u00e3o necess\u00e1rio na conviv\u00eancia social. Igualmente s\u00e3o belos e grandes os gestos de doa\u00e7\u00e3o e partilha, seja de g\u00eaneros aliment\u00edcios, de higiene, dinheiro, ou qualquer outra forma. A eucaristia faz mem\u00f3ria da doa\u00e7\u00e3o de Cristo para a humanidade: \u201cIsto \u00e9 o meu corpo &#8230; Isto \u00e9 o meu sangue &#8230; dado por v\u00f3s\u201d. A solidariedade \u00e9 coer\u00eancia com a f\u00e9 celebrada e rompe o ego\u00edsmo narcisista.<br \/>\nBento XVI afirma que a liturgia tem uma liga\u00e7\u00e3o intr\u00ednseca com a beleza. \u201cNa liturgia brilha o mist\u00e9rio pascal, pelo qual o pr\u00f3prio Cristo atrai a Si e chama \u00e0 comunh\u00e3o. A beleza n\u00e3o \u00e9 um fator decorativo da a\u00e7\u00e3o lit\u00fargica, mas seu elemento constitutivo, enquanto atributo do pr\u00f3prio Deus e da sua revela\u00e7\u00e3o&#8230; A verdadeira beleza \u00e9 o amor de Deus que nos foi definitivamente revelado no mist\u00e9rio pascal\u201d.<\/p>\n","protected":false},"excerpt":{"rendered":"<p>O grande romancista russo Dostoi\u00e9vski, num de seus romances, escreve: \u201cO mundo ser\u00e1 salvo pela beleza\u201d. A solenidade de Corpus Christi nos proporcionou um breve momento para contemplar belos e coloridos tapetes e gestos de solidariedade com a doa\u00e7\u00e3o de cobertores, roupas, alimentos, material de higiene. Foi um momento para ressaltar a capacidade humana de [&hellip;]<\/p>\n","protected":false},"author":18,"featured_media":0,"comment_status":"open","ping_status":"open","sticky":false,"template":"","format":"standard","meta":{"footnotes":""},"categories":[9],"tags":[],"class_list":["post-31830","post","type-post","status-publish","format-standard","hentry","category-artigos"],"_links":{"self":[{"href":"https:\/\/catolicanet.net\/wp-cnet\/wp-json\/wp\/v2\/posts\/31830","targetHints":{"allow":["GET"]}}],"collection":[{"href":"https:\/\/catolicanet.net\/wp-cnet\/wp-json\/wp\/v2\/posts"}],"about":[{"href":"https:\/\/catolicanet.net\/wp-cnet\/wp-json\/wp\/v2\/types\/post"}],"author":[{"embeddable":true,"href":"https:\/\/catolicanet.net\/wp-cnet\/wp-json\/wp\/v2\/users\/18"}],"replies":[{"embeddable":true,"href":"https:\/\/catolicanet.net\/wp-cnet\/wp-json\/wp\/v2\/comments?post=31830"}],"version-history":[{"count":1,"href":"https:\/\/catolicanet.net\/wp-cnet\/wp-json\/wp\/v2\/posts\/31830\/revisions"}],"predecessor-version":[{"id":31831,"href":"https:\/\/catolicanet.net\/wp-cnet\/wp-json\/wp\/v2\/posts\/31830\/revisions\/31831"}],"wp:attachment":[{"href":"https:\/\/catolicanet.net\/wp-cnet\/wp-json\/wp\/v2\/media?parent=31830"}],"wp:term":[{"taxonomy":"category","embeddable":true,"href":"https:\/\/catolicanet.net\/wp-cnet\/wp-json\/wp\/v2\/categories?post=31830"},{"taxonomy":"post_tag","embeddable":true,"href":"https:\/\/catolicanet.net\/wp-cnet\/wp-json\/wp\/v2\/tags?post=31830"}],"curies":[{"name":"wp","href":"https:\/\/api.w.org\/{rel}","templated":true}]}}