{"id":31821,"date":"2017-06-17T08:00:16","date_gmt":"2017-06-17T11:00:16","guid":{"rendered":"http:\/\/catolicanet.net\/wp-cnet\/?p=31821"},"modified":"2017-06-19T11:43:10","modified_gmt":"2017-06-19T14:43:10","slug":"rogai-ao-senhor-da-messe","status":"publish","type":"post","link":"https:\/\/catolicanet.net\/wp-cnet\/rogai-ao-senhor-da-messe\/","title":{"rendered":"Rogai ao Senhor da Messe!"},"content":{"rendered":"<p style=\"text-align: justify;\">Depois das grandes festas solenes da Sant\u00edssima Trindade e de Corpus Christi na retomada do tempo comum, a liturgia deste 11\u00ba. Domingo do Tempo Comum, nos impulsiona para a miss\u00e3o de disc\u00edpulos. \u00c9 tempo de catequese, onde meditamos os ensinamentos de Jesus, necess\u00e1rios para a vida no dia a dia dos crist\u00e3os. \u00c9 um tempo precioso para a forma\u00e7\u00e3o crist\u00e3 ouvindo a Palavra e meditando sobre os grandes exemplos da vida dos santos e santos, al\u00e9m de contemplar os mist\u00e9rios de Cristo e as invoca\u00e7\u00f5es marianas.<\/p>\n<p style=\"text-align: justify;\">\nA Liturgia dominical tem dois enfoques importantes: a mesa da Palavra (O Senhor nos alimenta com a Palavra) e a Mesa Eucar\u00edstica (O Senhor Se d\u00e1 a n\u00f3s como alimento). A Palavra nos ilumina, e o P\u00e3o nos alimenta e cura nossas enfermidades! Santo Agostinho nos afirma: \u201cQuem celebra com f\u00e9 e devo\u00e7\u00e3o a Eucaristia dominical, torna-se aquilo que celebra!\u201d Celebrar com f\u00e9 e devo\u00e7\u00e3o significa tornar-se semelhantes a Cristo, o Filho de Deus vivo!<\/p>\n<p style=\"text-align: justify;\">\nNeste domingo, na primeira leitura, do livro do \u00cax 19, 2-6a, o Povo de Israel foi escolhido por Deus como parceiro de caminhada e de luta para implantar o Reino de Deus. Se o Povo guardar fidelidade ao compromisso de Alian\u00e7a, \u201csereis para mim a por\u00e7\u00e3o escolhida dentre todos os povos!\u201d. No Antigo Testamento, Deus faz a alian\u00e7a com povo de Israel. Deus o resgatou do Egito (terra de escravid\u00e3o) com m\u00e3o forte e celebrou com ele, ainda no deserto, uma Alian\u00e7a de paz e prote\u00e7\u00e3o. Esta Alian\u00e7a foi renovada por Jesus, em seu pr\u00f3prio sangue, ao morrer crucificado em Jerusal\u00e9m. Nesta Alian\u00e7a somos inscritos desde a celebra\u00e7\u00e3o de nosso Batismo! A Nova Alian\u00e7a, celebrada no Sangue de Jesus, n\u00f3s a renovamos todas as vezes que nos reunimos e celebramos a Eucaristia. Esta Alian\u00e7a precisa ser renovada e fortalecida participando da \u201cCeia Pascal de Jesus!\u201d\u00a0 A celebra\u00e7\u00e3o da Alian\u00e7a n\u00e3o \u00e9 somente em proveito nosso, mas ela nos fortalece no compromisso mission\u00e1rio em favor dos nossos irm\u00e3os. A Alian\u00e7a \u00e9 salutar quando nos torna mission\u00e1rios de Jesus Cristo junto aos outros que ainda n\u00e3o conhecem Jesus.<\/p>\n<p style=\"text-align: justify;\">\nNa Segunda leitura (Rm 5,6-11), Deus age por amor: Ele nos escolheu quando, ainda, \u00e9ramos pecadores, mediante a morte de Jesus Cristo. Em Deus, tudo \u00e9 gratuito: Escolheu-nos de gra\u00e7a e perdoa-nos gratuitamente, pelo Sangue de Jesus Cristo!<\/p>\n<p style=\"text-align: justify;\">\nO Evangelho \u00e9 de Mt 9,36-10,8, que ensina que o Plano de Deus \u00e9 gratuito, do come\u00e7o ao fim, mas resulta em miss\u00e3o e parceria na salva\u00e7\u00e3o do mundo: Devemos distribuir gratuitamente tudo aquilo que recebemos. A salva\u00e7\u00e3o que recebemos de Deus deve ser repassada ao mundo inteiro. Assumir a miss\u00e3o de evangelizar deve ser nossa resposta gratuita. No Evangelho, vimos que Jesus chama os doze Ap\u00f3stolos e lhes d\u00e1 uma miss\u00e3o.<\/p>\n<p style=\"text-align: justify;\">\nO Evangelho da Missa deste Domingo refere algo que deve ter acontecido muitas vezes enquanto o Senhor percorria cidades e aldeias pregando a chegada do Reino de Deus: ao ver a multid\u00e3o, encheu-se de compaix\u00e3o por ela, comoveu-se no mais \u00edntimo do seu ser, porque estavam fatigados e prostrados como ovelhas sem pastor, profundamente desorientados. Os pastores, em lugar de guia-las, desencaminhavam-nas e comportavam-se mais como lobos do que como pastores. Jesus ent\u00e3o dirigiu-se aos seus disc\u00edpulos e disse: A messe \u00e9 muita, mas os oper\u00e1rios poucos.<\/p>\n<p style=\"text-align: justify;\">\nPara que haja muitos oper\u00e1rios que trabalhem lado a lado e com entusiasmo neste campo do mundo, cada um no seu lugar, o pr\u00f3prio Senhor nos ensina o caminho a seguir: Rogai, pois, ao Senhor da Messe, que envie oper\u00e1rios \u00e0 sua messe. Jesus convida-nos a orar para que Deus desperte na alma de muitos o desejo de um maior compromisso nesta tarefa de salva\u00e7\u00e3o. A ora\u00e7\u00e3o \u00e9 o maior meio de pedir a Deus mais oper\u00e1rios. Todos os crist\u00e3os devem rezar habitualmente para que o Senhor envie oper\u00e1rios \u00e0 sua messe. E se o fizemos com uma ora\u00e7\u00e3o cont\u00ednua, confiante e humilde, n\u00e3o s\u00f3 conseguiremos do Senhor novos oper\u00e1rios para o seu campo, como n\u00f3s mesmos nos sentiremos chamados a participar com muito mais aud\u00e1cia nessa miss\u00e3o divina.<\/p>\n<p style=\"text-align: justify;\">\nO Senhor, que poderia realizar diretamente a sua obra redentora no mundo, quis necessitar de disc\u00edpulos que o precedam nas cidades, nos povoados, nas f\u00e1bricas, nas Universidades, para que anunciem as maravilhas e as exig\u00eancias do Reino dos C\u00e9us. \u00c9 evidente que a Igreja &#8211; nossa M\u00e3e &#8211; necessita dessas voca\u00e7\u00f5es de ap\u00f3stolos, em cujas m\u00e3os est\u00e1 em boa parte a evangeliza\u00e7\u00e3o do mundo. N\u00e3o devemos esquecer que Deus chama a muitos. Que a Virgem Maria, nos fa\u00e7a escutar e responder com efic\u00e1cia o chamado que nos faz.<\/p>\n","protected":false},"excerpt":{"rendered":"<p>Depois das grandes festas solenes da Sant\u00edssima Trindade e de Corpus Christi na retomada do tempo comum, a liturgia deste 11\u00ba. Domingo do Tempo Comum, nos impulsiona para a miss\u00e3o de disc\u00edpulos. \u00c9 tempo de catequese, onde meditamos os ensinamentos de Jesus, necess\u00e1rios para a vida no dia a dia dos crist\u00e3os. \u00c9 um tempo [&hellip;]<\/p>\n","protected":false},"author":5,"featured_media":0,"comment_status":"open","ping_status":"open","sticky":false,"template":"","format":"standard","meta":{"footnotes":""},"categories":[9],"tags":[],"class_list":["post-31821","post","type-post","status-publish","format-standard","hentry","category-artigos"],"_links":{"self":[{"href":"https:\/\/catolicanet.net\/wp-cnet\/wp-json\/wp\/v2\/posts\/31821","targetHints":{"allow":["GET"]}}],"collection":[{"href":"https:\/\/catolicanet.net\/wp-cnet\/wp-json\/wp\/v2\/posts"}],"about":[{"href":"https:\/\/catolicanet.net\/wp-cnet\/wp-json\/wp\/v2\/types\/post"}],"author":[{"embeddable":true,"href":"https:\/\/catolicanet.net\/wp-cnet\/wp-json\/wp\/v2\/users\/5"}],"replies":[{"embeddable":true,"href":"https:\/\/catolicanet.net\/wp-cnet\/wp-json\/wp\/v2\/comments?post=31821"}],"version-history":[{"count":1,"href":"https:\/\/catolicanet.net\/wp-cnet\/wp-json\/wp\/v2\/posts\/31821\/revisions"}],"predecessor-version":[{"id":31822,"href":"https:\/\/catolicanet.net\/wp-cnet\/wp-json\/wp\/v2\/posts\/31821\/revisions\/31822"}],"wp:attachment":[{"href":"https:\/\/catolicanet.net\/wp-cnet\/wp-json\/wp\/v2\/media?parent=31821"}],"wp:term":[{"taxonomy":"category","embeddable":true,"href":"https:\/\/catolicanet.net\/wp-cnet\/wp-json\/wp\/v2\/categories?post=31821"},{"taxonomy":"post_tag","embeddable":true,"href":"https:\/\/catolicanet.net\/wp-cnet\/wp-json\/wp\/v2\/tags?post=31821"}],"curies":[{"name":"wp","href":"https:\/\/api.w.org\/{rel}","templated":true}]}}