{"id":31819,"date":"2017-06-16T09:18:25","date_gmt":"2017-06-16T12:18:25","guid":{"rendered":"http:\/\/catolicanet.net\/wp-cnet\/?p=31819"},"modified":"2017-06-29T14:58:36","modified_gmt":"2017-06-29T17:58:36","slug":"a-igreja-catolica-no-mundo","status":"publish","type":"post","link":"https:\/\/catolicanet.net\/wp-cnet\/a-igreja-catolica-no-mundo\/","title":{"rendered":"A igreja cat\u00f3lica no mundo"},"content":{"rendered":"<p>Os fi\u00e9is que pertencem \u00e0 Igreja Cat\u00f3lica professam os mesmos dogmas, que s\u00e3o a garantia da unidade de f\u00e9 e obedecem ao Papa.<br \/>\nEste, como sucessor de Pedro, tem, por institui\u00e7\u00e3o divina, poder supremo, pleno, imediato e universal na cura das almas.\u00a0 Procura o bem comum da Igreja universal e o bem de cada uma das Igrejas particulares, tendo o primado do poder ordin\u00e1rio sobre todas as Igrejas. \u00c9 preciso se tenha claro, por\u00e9m, no que diz respeito \u00e0s Igrejas Orientais Cat\u00f3licas\u00a0 que\u00a0 elas s\u00e3o Igrejas \u201csui generis\u201d, isto \u00e9, s\u00e3o aut\u00f4nomas para legislar de modo independente\u00a0 a respeito de seu rito e da sua disciplina, mas n\u00e3o no que diz respeito \u00e0s verdades dogm\u00e1ticas e\u00a0 todas\u00a0 estas Igrejas obedecem o Soberano Pont\u00edfice, atualmente o Papa Francisco.<br \/>\nEste trecho do Decreto sobre as Igrejas Orientais Cat\u00f3licas, do Conc\u00edlio Ecum\u00eanico Vaticano II,\u00a0 \u00e9 sumamente elucidativo: \u201cA Igreja santa e cat\u00f3lica, Corpo M\u00edstico de Cristo, consta de fi\u00e9is que se unem organicamente pela mesma f\u00e9, pelos mesmos sacramentos e pelo mesmo regime no Esp\u00edrito Santo, coligando-se em v\u00e1rios grupos unidos pela hierarquia, constituem as Igrejas particulares ou os Ritos. Entre elas vigora admir\u00e1vel comunh\u00e3o, de tal forma que a variedade na Igreja, longe de prejudicar-lhe a unidade, antes a manifesta. A inten\u00e7\u00e3o da Igreja cat\u00f3lica \u00e9 que permane\u00e7am salvas e \u00edntegras as tradi\u00e7\u00f5es de cada Igreja particular ou Rito, bem como quer, igualmente, adaptar seu modo de vida \u00e0s v\u00e1rias necessidades dos tempos e lugares\u201d.<br \/>\nO Conc\u00edlio preconiza a preserva\u00e7\u00e3o do patrim\u00f4nio espiritual das Igrejas Orientais. Fala da import\u00e2ncia\u00a0 dos Patriarcas Orientais, da disciplina dos Sacramentos, do culto divino. Salienta que \u201cAs Igrejas Orientais que vivem em comunh\u00e3o com a S\u00e9 Apost\u00f3lica de Roma, compete a peculiar obriga\u00e7\u00e3o de favorecer, segundo os princ\u00edpios do Decreto \u201cSobre o Ecumenismo\u201d deste S. S\u00ednodo , a unidade de todos os crist\u00e3os, principalmente os orientais, pela ora\u00e7\u00e3o sobretudo e pelo exemplo de vida, pela fidelidade religiosa para com as antigas tradi\u00e7\u00f5es orientais, por um melhor conhecimento m\u00fatuo,\u00a0 pela colabora\u00e7\u00e3o e estima fraterna das coisas e das almas\u201d.<br \/>\n\u00c9 preciso, portanto, orar\u00a0 sempre pela unidade de todos os batizados em torno da C\u00e1tedra de Pedro na mais absoluta fidelidade ao Papa, chefe da Igreja cat\u00f3lica em todo o mundo.<br \/>\nDeve tamb\u00e9m ficar sempre claro o que s\u00e3o Igrejas Cat\u00f3licas Aut\u00f4nomas, pois nem sempre os sites que falam sobre o assunto esclarecem princ\u00edpios fundamentais sobre este tema.<br \/>\nN\u00e3o h\u00e1 autonomia alguma no que tange aos dogmas e ao poder universal do Papa.<\/p>\n","protected":false},"excerpt":{"rendered":"<p>Os fi\u00e9is que pertencem \u00e0 Igreja Cat\u00f3lica professam os mesmos dogmas, que s\u00e3o a garantia da unidade de f\u00e9 e obedecem ao Papa. Este, como sucessor de Pedro, tem, por institui\u00e7\u00e3o divina, poder supremo, pleno, imediato e universal na cura das almas.\u00a0 Procura o bem comum da Igreja universal e o bem de cada uma [&hellip;]<\/p>\n","protected":false},"author":7,"featured_media":0,"comment_status":"open","ping_status":"open","sticky":false,"template":"","format":"standard","meta":{"footnotes":""},"categories":[9],"tags":[],"class_list":["post-31819","post","type-post","status-publish","format-standard","hentry","category-artigos"],"_links":{"self":[{"href":"https:\/\/catolicanet.net\/wp-cnet\/wp-json\/wp\/v2\/posts\/31819","targetHints":{"allow":["GET"]}}],"collection":[{"href":"https:\/\/catolicanet.net\/wp-cnet\/wp-json\/wp\/v2\/posts"}],"about":[{"href":"https:\/\/catolicanet.net\/wp-cnet\/wp-json\/wp\/v2\/types\/post"}],"author":[{"embeddable":true,"href":"https:\/\/catolicanet.net\/wp-cnet\/wp-json\/wp\/v2\/users\/7"}],"replies":[{"embeddable":true,"href":"https:\/\/catolicanet.net\/wp-cnet\/wp-json\/wp\/v2\/comments?post=31819"}],"version-history":[{"count":1,"href":"https:\/\/catolicanet.net\/wp-cnet\/wp-json\/wp\/v2\/posts\/31819\/revisions"}],"predecessor-version":[{"id":31820,"href":"https:\/\/catolicanet.net\/wp-cnet\/wp-json\/wp\/v2\/posts\/31819\/revisions\/31820"}],"wp:attachment":[{"href":"https:\/\/catolicanet.net\/wp-cnet\/wp-json\/wp\/v2\/media?parent=31819"}],"wp:term":[{"taxonomy":"category","embeddable":true,"href":"https:\/\/catolicanet.net\/wp-cnet\/wp-json\/wp\/v2\/categories?post=31819"},{"taxonomy":"post_tag","embeddable":true,"href":"https:\/\/catolicanet.net\/wp-cnet\/wp-json\/wp\/v2\/tags?post=31819"}],"curies":[{"name":"wp","href":"https:\/\/api.w.org\/{rel}","templated":true}]}}