{"id":31809,"date":"2017-06-19T10:51:35","date_gmt":"2017-06-19T13:51:35","guid":{"rendered":"http:\/\/catolicanet.net\/wp-cnet\/?p=31809"},"modified":"2017-06-19T11:22:19","modified_gmt":"2017-06-19T14:22:19","slug":"papa-abre-congresso-diocesano-e-encontra-refugiados-hospedes-de-roma","status":"publish","type":"post","link":"https:\/\/catolicanet.net\/wp-cnet\/papa-abre-congresso-diocesano-e-encontra-refugiados-hospedes-de-roma\/","title":{"rendered":"Papa abre Congresso diocesano e encontra refugiados h\u00f3spedes de Roma"},"content":{"rendered":"<p>Cidade do Vaticano (RV) \u2013 Depois de celebrar a solenidade de Corpus Christi domingo (18\/06) presidindo a missa na Bas\u00edlica de S\u00e3o Jo\u00e3o de Latr\u00e3o, o Papa Francisco retorna na tarde desta segunda-feira (19\/06) ao local para abrir o Congresso Eclesial da Diocese de Roma.<\/p>\n<p>O encontro na v\u00e9spera do Dia Mundial do Refugiado<\/p>\n<p>Na ocasi\u00e3o, o Pont\u00edfice vai se reunir com um grupo de 121 refugiados h\u00f3spedes de 38 par\u00f3quias romanas.<\/p>\n<p>Participar\u00e3o do encontro o Cardeal Agostino Vallini e o diretor da Caritas diocesana, Mons. Enrico Feroci. Francisco far\u00e1 uma sauda\u00e7\u00e3o em rela\u00e7\u00e3o ao Dia Mundial do Refugiado, que se celebra ter\u00e7a-feira (20\/06) e \u00e0s comunidades paroquiais que aderiram ao seu chamado no Angelus de 6 de setembro de 2015.<\/p>\n<p><a href=\"https:\/\/www.youtube.com\/watch?v=GuzkSsmISh4\">Clique aqui para assistir o v\u00eddeo:<\/a><\/p>\n<p>Diocese responde com dois programas inovadores<\/p>\n<p>Naquela ocasi\u00e3o, o Papa exortou todas as par\u00f3quias e institutos religiosos do mundo a acolher fam\u00edlias de refugiados de guerras e viol\u00eancias. A partir deste apelo, a Caritas de Roma promoveu dois projetos de acolhimento extensivo: \u201cEra estrangeiro e voc\u00eas me hospedaram\u201d e \u201cPr\u00f3-teto: refugiado em minha casa\u201d, que criam oportunidades de hospitalidade de requerentes de asilo e refugiados em par\u00f3quias, institutos religiosos e fam\u00edlias romanas.<\/p>\n<p>O acolhimento extensivo \u00e9 um novo modo de receber que se baseia no princ\u00edpio de que a integra\u00e7\u00e3o come\u00e7a pela constru\u00e7\u00e3o de redes sociais, al\u00e9m de rela\u00e7\u00f5es de amizade e de solidariedade. \u00c9 uma pr\u00e1tica que permite a todos os envolvidos entrar realmente em contato com o outro, que assim, deixa de ser \u2018h\u00f3spede\u2019 e se apresenta com suas caracter\u00edsticas individuais, necessidades, aspira\u00e7\u00f5es e objetivos. Toda a comunidade \u2018abra\u00e7a\u2019 o rec\u00e9m-chegado e coletivamente se encarrega do seu acompanhamento, recebendo em troca a participa\u00e7\u00e3o ativa da pessoa acolhida.<\/p>\n<p>Por ocasi\u00e3o do Dia Mundial do Refugiado, a Caritas de Roma realizou um dossi\u00ea informativo sobre o tema abordando aspectos problem\u00e1ticos menos conhecidos, como a sa\u00fade e os traumas psicol\u00f3gicos das v\u00edtimas de tortura, o programa de reinser\u00e7\u00e3o nos pa\u00edses europeus, especialmente dos menores desacompanhados; o cen\u00e1rio mundial com movimentos de popula\u00e7\u00f5es por causa de conflitos, cat\u00e1strofes e crises humanit\u00e1rias.<\/p>\n<p>O encontro do Pont\u00edfice com os refugiados h\u00f3spedes nas par\u00f3quias da diocese de Roma ser\u00e1 reservado.<\/p>\n<p>Fonte: R\u00e1dio Vaticano<\/p>\n","protected":false},"excerpt":{"rendered":"<p>Cidade do Vaticano (RV) \u2013 Depois de celebrar a solenidade de Corpus Christi domingo (18\/06) presidindo a missa na Bas\u00edlica de S\u00e3o Jo\u00e3o de Latr\u00e3o, o Papa Francisco retorna na tarde desta segunda-feira (19\/06) ao local para abrir o Congresso Eclesial da Diocese de Roma. O encontro na v\u00e9spera do Dia Mundial do Refugiado Na [&hellip;]<\/p>\n","protected":false},"author":1,"featured_media":31810,"comment_status":"open","ping_status":"open","sticky":false,"template":"","format":"standard","meta":{"footnotes":""},"categories":[3],"tags":[],"class_list":["post-31809","post","type-post","status-publish","format-standard","has-post-thumbnail","hentry","category-vaticano"],"_links":{"self":[{"href":"https:\/\/catolicanet.net\/wp-cnet\/wp-json\/wp\/v2\/posts\/31809","targetHints":{"allow":["GET"]}}],"collection":[{"href":"https:\/\/catolicanet.net\/wp-cnet\/wp-json\/wp\/v2\/posts"}],"about":[{"href":"https:\/\/catolicanet.net\/wp-cnet\/wp-json\/wp\/v2\/types\/post"}],"author":[{"embeddable":true,"href":"https:\/\/catolicanet.net\/wp-cnet\/wp-json\/wp\/v2\/users\/1"}],"replies":[{"embeddable":true,"href":"https:\/\/catolicanet.net\/wp-cnet\/wp-json\/wp\/v2\/comments?post=31809"}],"version-history":[{"count":1,"href":"https:\/\/catolicanet.net\/wp-cnet\/wp-json\/wp\/v2\/posts\/31809\/revisions"}],"predecessor-version":[{"id":31811,"href":"https:\/\/catolicanet.net\/wp-cnet\/wp-json\/wp\/v2\/posts\/31809\/revisions\/31811"}],"wp:featuredmedia":[{"embeddable":true,"href":"https:\/\/catolicanet.net\/wp-cnet\/wp-json\/wp\/v2\/media\/31810"}],"wp:attachment":[{"href":"https:\/\/catolicanet.net\/wp-cnet\/wp-json\/wp\/v2\/media?parent=31809"}],"wp:term":[{"taxonomy":"category","embeddable":true,"href":"https:\/\/catolicanet.net\/wp-cnet\/wp-json\/wp\/v2\/categories?post=31809"},{"taxonomy":"post_tag","embeddable":true,"href":"https:\/\/catolicanet.net\/wp-cnet\/wp-json\/wp\/v2\/tags?post=31809"}],"curies":[{"name":"wp","href":"https:\/\/api.w.org\/{rel}","templated":true}]}}