{"id":31806,"date":"2017-06-19T10:40:27","date_gmt":"2017-06-19T13:40:27","guid":{"rendered":"http:\/\/catolicanet.net\/wp-cnet\/?p=31806"},"modified":"2017-06-19T11:18:22","modified_gmt":"2017-06-19T14:18:22","slug":"papa-a-eucaristia-recorda-nos-que-nao-somos-individuos-mas-um-corpo","status":"publish","type":"post","link":"https:\/\/catolicanet.net\/wp-cnet\/papa-a-eucaristia-recorda-nos-que-nao-somos-individuos-mas-um-corpo\/","title":{"rendered":"Papa: A Eucaristia recorda-nos que n\u00e3o somos indiv\u00edduos, mas um corpo"},"content":{"rendered":"<p>Cidade do Vaticano (RV) \u2013 O Papa Francisco presidiu no in\u00edcio da noite deste domingo os ritos de Corpus Domini, de acordo com o calend\u00e1rio lit\u00fargico da Igreja italiana. \u00c0s 19h, hora local, celebrou a Santa Missa no adro da Bas\u00edlica de S\u00e3o Jo\u00e3o de Latr\u00e3o. Em seguida, na presen\u00e7a de uma grande multid\u00e3o de fi\u00e9is, houve a Prociss\u00e3o Eucar\u00edstica que, percorrendo a Via Merulana, chegou \u00e0 Bas\u00edlica de Santa Maria Maior. Na conclus\u00e3o a Ben\u00e7\u00e3o Eucar\u00edstica.<\/p>\n<p><a href=\"http:\/\/media02.radiovaticana.va\/audio\/audio2\/mp3\/00586043.mp3\">Clique aqui para ouvir:<\/a><\/p>\n<p><a href=\"https:\/\/www.youtube.com\/watch?v=JIt07D-wh1Q\">Clique aqui para assistir o v\u00eddeo:<\/a><\/p>\n<p>Na sua homilia, durante a Santa Missa, o Papa Francisco recordou que a Eucaristia \u00e9 o sacramento da mem\u00f3ria que nos recorda, de forma real e tang\u00edvel, a hist\u00f3ria de amor de Deus por n\u00f3s.<\/p>\n<p>Recorda\u00e7\u00e3o das fa\u00e7anhas do Senhor<\/p>\n<p>Recorda-te: diz, hoje, a Palavra divina a cada um de n\u00f3s, salientou o Papa. \u201cA partir da recorda\u00e7\u00e3o das fa\u00e7anhas do Senhor, ganhou for\u00e7a o caminho do povo no deserto; \u00e9 na recorda\u00e7\u00e3o daquilo que o Senhor fez por n\u00f3s que se fundamenta a nossa hist\u00f3ria pessoal de salva\u00e7\u00e3o. Recordar \u00e9 essencial para a f\u00e9, como a \u00e1gua para uma planta\u201d.<\/p>\n<p>A mem\u00f3ria \u00e9 importante, &#8211; continuou Francisco &#8211; porque nos permite permanecer no amor, permite re-cordar, isto \u00e9, trazer no cora\u00e7\u00e3o, n\u00e3o esquecer quem nos ama e a quem somos chamados a amar. Mas esta faculdade excecional, que o Senhor nos deu, encontra-se hoje bastante debilitada.<\/p>\n<p>Depressa viramos p\u00e1gina, \u00e1vidos de novidades<\/p>\n<p>No frenesim em que estamos imersos, &#8211; destacou o Santo Padre &#8211; muitas pessoas e tantos acontecimentos parecem passar-nos por cima, sem nos darmos conta. Depressa viramos p\u00e1gina, \u00e1vidos de novidades, mas pobres de recorda\u00e7\u00f5es. Deste modo, mandando em fumo as recorda\u00e7\u00f5es e vivendo cingidos ao instante presente, corre-se o risco de ficar \u00e0 superf\u00edcie, vendo o fluir das coisas que acontecem sem descer em profundidade, sem aquela espessura que nos recorda quem somos e para onde vamos. Ent\u00e3o a vida exterior acaba fragmentada, e a interior inerte.<\/p>\n<p>O Senhor vem ao nosso encontro<\/p>\n<p>A solenidade de hoje \u2013 disse Francisco na sua homilia &#8211; recorda-nos que, na fragmenta\u00e7\u00e3o da vida, o Senhor vem ao nosso encontro nos panos duma amorosa fragilidade, que \u00e9 a Eucaristia. No P\u00e3o de vida, o Senhor vem visitar-nos fazendo-Se humilde alimento que amorosamente cura a nossa mem\u00f3ria adoentada de frenesim. Porque a Eucaristia \u00e9 o memorial do amor de Deus. Nela, \u201cse comemora a sua paix\u00e3o\u201d, o amor de Deus por n\u00f3s, que \u00e9 a nossa for\u00e7a, o sustent\u00e1culo do nosso caminhar.<\/p>\n<p>\u00c9 por isso \u2013 disse o Papa &#8211; que nos faz t\u00e3o bem o memorial eucar\u00edstico: n\u00e3o \u00e9 uma mem\u00f3ria abstrata, fria e concetualista, mas a mem\u00f3ria viva e consoladora do amor de Deus.<\/p>\n<p>Eucaristia, mem\u00f3ria agradecida<\/p>\n<p>A Eucaristia forma em n\u00f3s uma mem\u00f3ria agradecida, porque nos reconhecemos como filhos amados e alimentados pelo Pai. A Eucaristia encoraja-nos: mesmo no caminho mais acidentado, n\u00e3o estamos sozinhos, o Senhor n\u00e3o Se esquece de n\u00f3s e, sempre que vamos at\u00e9 Ele, alenta-nos com amor.<\/p>\n<p>A Eucaristia recorda-nos tamb\u00e9m que n\u00e3o somos indiv\u00edduos, mas um corpo. Tal como o povo no deserto recolhia o man\u00e1 ca\u00eddo do c\u00e9u e o partilhava em fam\u00edlia, assim tamb\u00e9m Jesus, P\u00e3o do c\u00e9u, nos convoca para o recebermos juntos e o partilharmos entre n\u00f3s. A Eucaristia n\u00e3o \u00e9 um sacramento \u201cpara mim\u201d, \u00e9 o sacramento de muitos que formam um s\u00f3 corpo.<\/p>\n<p>\u201cDNA espiritual\u201d<\/p>\n<p>Francisco salientou que quem a recebe n\u00e3o pode deixar de ser art\u00edfice de unidade, porque nasce nele, no seu \u201cDNA espiritual\u201d, a constru\u00e7\u00e3o da unidade. Que este P\u00e3o de unidade &#8211; finalizou Francisco &#8211; nos cure da ambi\u00e7\u00e3o de prevalecer sobre os outros, da gan\u00e2ncia de entesourar para n\u00f3s mesmos, de fomentar disc\u00f3rdias e disseminar cr\u00edticas; que desperte a alegria de nos amarmos sem rivalidades, nem invejas, nem murmura\u00e7\u00f5es maldizentes.<\/p>\n<p>Fonte: R\u00e1dio Vaticano<\/p>\n","protected":false},"excerpt":{"rendered":"<p>Cidade do Vaticano (RV) \u2013 O Papa Francisco presidiu no in\u00edcio da noite deste domingo os ritos de Corpus Domini, de acordo com o calend\u00e1rio lit\u00fargico da Igreja italiana. \u00c0s 19h, hora local, celebrou a Santa Missa no adro da Bas\u00edlica de S\u00e3o Jo\u00e3o de Latr\u00e3o. Em seguida, na presen\u00e7a de uma grande multid\u00e3o de [&hellip;]<\/p>\n","protected":false},"author":1,"featured_media":31807,"comment_status":"open","ping_status":"open","sticky":false,"template":"","format":"standard","meta":{"footnotes":""},"categories":[3],"tags":[],"class_list":["post-31806","post","type-post","status-publish","format-standard","has-post-thumbnail","hentry","category-vaticano"],"_links":{"self":[{"href":"https:\/\/catolicanet.net\/wp-cnet\/wp-json\/wp\/v2\/posts\/31806","targetHints":{"allow":["GET"]}}],"collection":[{"href":"https:\/\/catolicanet.net\/wp-cnet\/wp-json\/wp\/v2\/posts"}],"about":[{"href":"https:\/\/catolicanet.net\/wp-cnet\/wp-json\/wp\/v2\/types\/post"}],"author":[{"embeddable":true,"href":"https:\/\/catolicanet.net\/wp-cnet\/wp-json\/wp\/v2\/users\/1"}],"replies":[{"embeddable":true,"href":"https:\/\/catolicanet.net\/wp-cnet\/wp-json\/wp\/v2\/comments?post=31806"}],"version-history":[{"count":1,"href":"https:\/\/catolicanet.net\/wp-cnet\/wp-json\/wp\/v2\/posts\/31806\/revisions"}],"predecessor-version":[{"id":31808,"href":"https:\/\/catolicanet.net\/wp-cnet\/wp-json\/wp\/v2\/posts\/31806\/revisions\/31808"}],"wp:featuredmedia":[{"embeddable":true,"href":"https:\/\/catolicanet.net\/wp-cnet\/wp-json\/wp\/v2\/media\/31807"}],"wp:attachment":[{"href":"https:\/\/catolicanet.net\/wp-cnet\/wp-json\/wp\/v2\/media?parent=31806"}],"wp:term":[{"taxonomy":"category","embeddable":true,"href":"https:\/\/catolicanet.net\/wp-cnet\/wp-json\/wp\/v2\/categories?post=31806"},{"taxonomy":"post_tag","embeddable":true,"href":"https:\/\/catolicanet.net\/wp-cnet\/wp-json\/wp\/v2\/tags?post=31806"}],"curies":[{"name":"wp","href":"https:\/\/api.w.org\/{rel}","templated":true}]}}