{"id":31803,"date":"2017-06-19T10:22:49","date_gmt":"2017-06-19T13:22:49","guid":{"rendered":"http:\/\/catolicanet.net\/wp-cnet\/?p=31803"},"modified":"2017-06-19T11:12:27","modified_gmt":"2017-06-19T14:12:27","slug":"francisco-rezar-o-terco-traz-paz-a-igreja-e-ao-mundo","status":"publish","type":"post","link":"https:\/\/catolicanet.net\/wp-cnet\/francisco-rezar-o-terco-traz-paz-a-igreja-e-ao-mundo\/","title":{"rendered":"Francisco: rezar o Ter\u00e7o traz paz \u00e0 Igreja e ao mundo"},"content":{"rendered":"<p>Cidade do Vaticano (RV) &#8211; O Ter\u00e7o \u00e9 um instrumento poderoso que traz paz aos nossos cora\u00e7\u00f5es, \u00e0 Igreja e ao mundo. \u00c9 o que afirma o Papa Francisco em uma v\u00eddeo mensagem enviada a Dom Mario Grech, Bispo da Diocese de Gozo, Malta, por ocasi\u00e3o da inaugura\u00e7\u00e3o dos mosaicos do Santu\u00e1rio da Virgem de Ta Pinu. Os mosaicos s\u00e3o tr\u00eas, e representam a Virgem com o Menino, S\u00e3o Jo\u00e3o Batista e S\u00e3o Paulo. As tr\u00eas obras foram colocadas na entrada principal do Santu\u00e1rio e foram feitas pelo Centro Aletti.<\/p>\n<p><a href=\"http:\/\/media02.radiovaticana.va\/audio\/audio2\/mp3\/00586042.mp3\">Clique aqui para ouvir:<\/a><\/p>\n<p>Em um grande \u201cabra\u00e7o de mosaicos est\u00e3o esperando por voc\u00ea Jesus e a sua M\u00e3e\u201d. O Papa Francisco descreve assim a obra inaugurada no Santu\u00e1rio da Virgem de Ta Pinu. Uma imagem que, sublinha, \u201cp\u00f5e diante dos nossos olhos a beleza de uma ora\u00e7\u00e3o contemplativa simples, acess\u00edvel a todos, jovens e idosos: a ora\u00e7\u00e3o do Ter\u00e7o\u201d:<\/p>\n<p>\u201cEu muitas vezes recito o Ter\u00e7o diante de um mosaico: um pequeno mosaico de Nossa Senhora com o Menino, onde parece que no centro est\u00e1 Maria, enquanto na verdade Ela, usando as suas m\u00e3os, torna-se uma esp\u00e9cie de escada atrav\u00e9s da qual Jesus pode descer at\u00e9 n\u00f3s. O centro \u00e9 sempre Jesus, que se abaixa para caminhar com n\u00f3s homens, para que possamos subir ao c\u00e9u com Ele\u201d.<\/p>\n<p>Na ora\u00e7\u00e3o do Ter\u00e7o, continua o Papa na v\u00eddeo mensagem, \u201cn\u00f3s nos dirigimos \u00e0 Virgem Maria, para que nos conduza sempre mais perto do seu Filho, Jesus, para conhec\u00ea-Lo e am\u00e1-Lo sempre mais\u201d. Observou ainda que, enquanto meditamos sobre as etapas da vida de Cristo nos detemos tamb\u00e9m sobre a nossa vida \u201cporque n\u00f3s caminhamos com o Senhor\u201d. Esta simples ora\u00e7\u00e3o, na verdade, \u201cajuda-nos a contemplar tudo o que Deus em seu amor fez por n\u00f3s e pela nossa salva\u00e7\u00e3o, e faz-nos perceber que nossa vida est\u00e1 unida \u00e0 vida de Cristo\u201d:<\/p>\n<p>\u201cRezando, n\u00f3s levamos tudo a Deus: os cansa\u00e7os, as feridas, os medos, mas tamb\u00e9m as alegrias, os dons, os entes queridos&#8230; tudo a Deus. Rezando, n\u00f3s permitimos a Deus entrar em nosso tempo,\u00a0 acolher e transfigurar tudo o que vivemos. Usem frequentemente este instrumento poderoso que \u00e9 a ora\u00e7\u00e3o do Ter\u00e7o, porque traz a paz aos cora\u00e7\u00f5es, \u00e0s fam\u00edlias, \u00e0 Igreja e ao mundo\u201d.<\/p>\n<p>Fonte: R\u00e1dio Vaticano<\/p>\n","protected":false},"excerpt":{"rendered":"<p>Cidade do Vaticano (RV) &#8211; O Ter\u00e7o \u00e9 um instrumento poderoso que traz paz aos nossos cora\u00e7\u00f5es, \u00e0 Igreja e ao mundo. \u00c9 o que afirma o Papa Francisco em uma v\u00eddeo mensagem enviada a Dom Mario Grech, Bispo da Diocese de Gozo, Malta, por ocasi\u00e3o da inaugura\u00e7\u00e3o dos mosaicos do Santu\u00e1rio da Virgem de [&hellip;]<\/p>\n","protected":false},"author":1,"featured_media":31804,"comment_status":"open","ping_status":"open","sticky":false,"template":"","format":"standard","meta":{"footnotes":""},"categories":[3],"tags":[],"class_list":["post-31803","post","type-post","status-publish","format-standard","has-post-thumbnail","hentry","category-vaticano"],"_links":{"self":[{"href":"https:\/\/catolicanet.net\/wp-cnet\/wp-json\/wp\/v2\/posts\/31803","targetHints":{"allow":["GET"]}}],"collection":[{"href":"https:\/\/catolicanet.net\/wp-cnet\/wp-json\/wp\/v2\/posts"}],"about":[{"href":"https:\/\/catolicanet.net\/wp-cnet\/wp-json\/wp\/v2\/types\/post"}],"author":[{"embeddable":true,"href":"https:\/\/catolicanet.net\/wp-cnet\/wp-json\/wp\/v2\/users\/1"}],"replies":[{"embeddable":true,"href":"https:\/\/catolicanet.net\/wp-cnet\/wp-json\/wp\/v2\/comments?post=31803"}],"version-history":[{"count":1,"href":"https:\/\/catolicanet.net\/wp-cnet\/wp-json\/wp\/v2\/posts\/31803\/revisions"}],"predecessor-version":[{"id":31805,"href":"https:\/\/catolicanet.net\/wp-cnet\/wp-json\/wp\/v2\/posts\/31803\/revisions\/31805"}],"wp:featuredmedia":[{"embeddable":true,"href":"https:\/\/catolicanet.net\/wp-cnet\/wp-json\/wp\/v2\/media\/31804"}],"wp:attachment":[{"href":"https:\/\/catolicanet.net\/wp-cnet\/wp-json\/wp\/v2\/media?parent=31803"}],"wp:term":[{"taxonomy":"category","embeddable":true,"href":"https:\/\/catolicanet.net\/wp-cnet\/wp-json\/wp\/v2\/categories?post=31803"},{"taxonomy":"post_tag","embeddable":true,"href":"https:\/\/catolicanet.net\/wp-cnet\/wp-json\/wp\/v2\/tags?post=31803"}],"curies":[{"name":"wp","href":"https:\/\/api.w.org\/{rel}","templated":true}]}}