{"id":31774,"date":"2017-06-14T15:02:20","date_gmt":"2017-06-14T18:02:20","guid":{"rendered":"http:\/\/catolicanet.net\/wp-cnet\/?p=31774"},"modified":"2017-06-19T10:16:50","modified_gmt":"2017-06-19T13:16:50","slug":"regional-sul-3-vive-semana-intensa-de-assembleia-da-acao-evangelizadora","status":"publish","type":"post","link":"https:\/\/catolicanet.net\/wp-cnet\/regional-sul-3-vive-semana-intensa-de-assembleia-da-acao-evangelizadora\/","title":{"rendered":"Regional Sul 3 vive semana intensa de Assembleia da A\u00e7\u00e3o Evangelizadora"},"content":{"rendered":"<p style=\"text-align: justify;\">A semana teve in\u00edcio na tarde de segunda-feira (05) at\u00e9 a sexta-feira (09), no Centro de Espiritualidade Cristo Rei (Cecrei), em S\u00e3o Leopoldo (RS). Os dois primeiros dois dias foram dedicados para assuntos econ\u00f4mico-administrativos e Conselho Episcopal Regional. O terceiro dia Encontro dos Bispos e Confer\u00eancia dos Religiosos do Brasil (CRB\/RS) e os dois \u00faltimos ocorreu a Assembleia da A\u00e7\u00e3o Evangelizadora do Regional Sul 3 da Confer\u00eancia Nacional dos Bispos do Brasil (CNBB).<\/p>\n<p>Administra\u00e7\u00e3o ajuda na evangeliza\u00e7\u00e3o<\/p>\n<p>A noite de segunda-feira (05) e a manh\u00e3 de ter\u00e7a-feira (06) da Assembleia da A\u00e7\u00e3o Evangelizadora do Regional Sul 3 da Confer\u00eancia Nacional dos Bispos do Brasil (CNBB) contou com a assessoria do Ec\u00f4nomo da CNBB, monsenhor Nereudo Freire Henrique, e o assessor jur\u00eddico-civil da CNBB, Dr. Hugo Jos\u00e9 Sarubbi Cysneiros Oliveira. Falaram sobre a \u201cAdministra\u00e7\u00e3o Eclesial: desafios e orienta\u00e7\u00f5es\u201d aos bispos, ec\u00f4nomos e administradores diocesanos, no Centro de Espiritualidade Cristo Rei (Cecrei), em S\u00e3o Leopoldo (RS).<\/p>\n<p>Segundo Dr. Hugo, a Igreja Cat\u00f3lica \u00e9 uma institui\u00e7\u00e3o confessional regida pelo c\u00f3digo de Direito Can\u00f4nico. Ela tem uma personalidade jur\u00eddica internacional e se apresenta como uma autoridade moral soberana e independente. Sua administra\u00e7\u00e3o exige responsabilidade de seus gestores na finalidade de manter a estrutura na miss\u00e3o de evangelizar. A Igreja tem subdivis\u00e3o de dioceses ou arquidioceses e est\u00e1 organizada em n\u00facleos menores chamados par\u00f3quia.<\/p>\n<p>Dr. Hugo destacou em sua falou algumas orienta\u00e7\u00f5es a partir do Acordo Brasil Santa S\u00e9 sobre a personalidade jur\u00eddica das organiza\u00e7\u00f5es religiosas, tributa\u00e7\u00e3o, quest\u00f5es contratuais e casos espec\u00edficos, como, por exemplo, a rela\u00e7\u00e3o com volunt\u00e1rios, novidades sobre a filantropia em termos legais e jurisprudenciais.<\/p>\n<p>Neste contexto h\u00e1 a necessidade de uma nova cultura de evangeliza\u00e7\u00e3o atrav\u00e9s da administra\u00e7\u00e3o institucional da Igreja. \u201cMas existem barreiras na implementa\u00e7\u00e3o de novos e modernos processos administrativos, pois ainda falta conex\u00e3o entre o planejamento e o executado\u201d, lembrou Monsenhor Nereudo.<\/p>\n<p>Gest\u00e3o e administra\u00e7\u00e3o s\u00e3o dois pontos principais e desafiantes na vida eclesial. \u201cMas, faz-se necess\u00e1rio planejamento, controle, qualidade do servi\u00e7o, organiza\u00e7\u00e3o, quest\u00f5es patrimoniais, financeira e recursos humanos. \u00c9 necess\u00e1rio conhecer as quest\u00f5es legais da tributa\u00e7\u00e3o. \u00c9 necess\u00e1rio que haja conhecimento e adequa\u00e7\u00e3o dos processos internos da institui\u00e7\u00e3o eclesial. Todas essas quest\u00f5es s\u00e3o ferramentas na administra\u00e7\u00e3o em prol da evangeliza\u00e7\u00e3o. Acreditamos que a administra\u00e7\u00e3o ajuda na evangeliza\u00e7\u00e3o. Se conseguirmos adequar todos os nossos processos \u00e0 modernidade estar\u00e1 fazendo com que a nossa institui\u00e7\u00e3o tenha efici\u00eancia e efic\u00e1cia\u201d, destacou Nereudo.<\/p>\n<p>Bispos e vida consagrada de m\u00e3os dadas<\/p>\n<p>Na manh\u00e3 desta quarta-feira, 07, cerca de 100 pessoas, entre elas bispos e provinciais das congrega\u00e7\u00f5es masculinas e femininas presentes no Rio Grande do Sul tiveram \u201cum di\u00e1logo de m\u00e3os dadas\u201d, no Centro de Espiritualidade Cristo Rei (Cecrei), em S\u00e3o Leopoldo (RS). Na celebra\u00e7\u00e3o de abertura foi dado destaque aos 60 anos da Confer\u00eancia dos Religiosos do Brasil (CRB\/RS).<\/p>\n<p>Na mesa de abertura a presidente da CRB\/RS, Ir. Paula Schneider, FPCC, lembrou que os religiosos est\u00e3o presentes na vida das pessoas mais empobrecidas e isso \u00e9 o que a CRB\/RS celebra nestes 60 anos no Rio Grande do Sul. \u201cUma coisa \u00e9 desenvolver um projeto e outra coisa \u00e9 viver com os mais pobres. O povo nos quer l\u00e1 entre eles\u201d, frisou.<\/p>\n<p>Ir. Paula comentou sobre o grande n\u00famero de religiosos de congrega\u00e7\u00f5es do Sul que enviaram e enviam mission\u00e1rios e mission\u00e1rias para outras regi\u00f5es do Brasil e do mundo. \u201cQuando estes membros retornam ap\u00f3s anos de trabalho, voltam doentes, cansados e com necessidade de amplo cuidado com a sa\u00fade e s\u00e3o as congrega\u00e7\u00f5es que assumem o cuidado para aqueles e aquelas que doaram sua vida na miss\u00e3o\u201d.<\/p>\n<p>O arcebispo Metropolitano de Porto Alegre e presidente do Regional Sul 3 da CNBB, dom Jaime Spengler, apresentou alguns ninais de preocupa\u00e7\u00e3o com a vida religiosa e a anima\u00e7\u00e3o vocacional. Nos \u00faltimos sete anos dados apontam que cerca de 13 mil religiosos abandonaram as congrega\u00e7\u00f5es e o Brasil est\u00e1 em primeiro lugar nas desist\u00eancias.<\/p>\n<p>Segundo dom Jaime, as causas s\u00e3o as mais diversas e est\u00e3o relacionadas \u00e0 vida fraterna, afetividade e crise pessoal. H\u00e1 quatro tipologias de pessoas que deixam a vida religiosa. \u201cAquelas pessoas que depois de um s\u00e9rio processo de discernimento e responsabilidade e pedem para sair. Outras que nunca deveriam ter deixado a vida consagrada. Outras deixam pela absoluta falta de voca\u00e7\u00e3o e aquelas que permanecem n\u00e3o conseguem superar situa\u00e7\u00f5es de crises\u201d, explicou Spengler.<\/p>\n<p>Celebra\u00e7\u00e3o Ecum\u00eanica<\/p>\n<p>A diaconisa Ruthild Brakemeier, da Igreja Evang\u00e9lica de Confiss\u00e3o Luterana no Brasil \u2013 IECLB \u2013, proferiu uma palestra sobre \u201cMaria e Martinho Lutero\u201d, na quarta-feira (7), \u00e0 tarde, no encontro dos bispos e provinciais, no Centro de Espiritualidade Cristo Rei (Cecrei), em S\u00e3o Leopoldo (RS).<\/p>\n<p>Inicialmente falou de suas viv\u00eancias pessoais com pessoas cat\u00f3licas. Seu contato com a Confer\u00eancia dos Religiosos do Rio Grande do Sul e a participa\u00e7\u00e3o em semin\u00e1rios nacionais relacionados \u00e0 \u201cmulher consagrada\u201d. Contou que visitou o Vaticano, em 1996, e costuma assistir pela TV missas pelo canal \u201cDeutsche Welle\u201d, que segundo ela, s\u00e3o centradas em Jesus Cristo.<\/p>\n<p>Ao falar sobre o esfor\u00e7o para unir as Igrejas Luterana e Cat\u00f3lica \u00e9 grande. Tamb\u00e9m contou sobre sua participa\u00e7\u00e3o, na Alemanha, dos \u201cDias da Igreja\u201d, dos 100\u00ba \u201cDia Cat\u00f3lico\u201d \u2013 Leipzig em 2016 e Dia da Igreja Evang\u00e9lico, em maio 2017.<\/p>\n<p>Em 16 de setembro de 2016, o presidente da Confer\u00eancia dos Bispos na Alemanha, Cardeal Reinhard Marx, e o Bispo do Conselho da Igreja Evang\u00e9lica Luterana, Dr. Heinrich Beford-Strohm, concordaram em dizer que pela primeira vez na hist\u00f3ria das Igrejas divididas, o ano de 2017 ser\u00e1 comemorado \u201cem comunh\u00e3o ecum\u00eanica\u201d.<\/p>\n<p>A Declara\u00e7\u00e3o Conjunta sobre a Doutrina da Justifica\u00e7\u00e3o, assinada em 1999, pelo presidente da FLM e a Santa S\u00e9, afirma: \u201cJuntos, cat\u00f3licos e luteranos confessam: somente por gra\u00e7a, na f\u00e9 na obra salv\u00edfica de Cristo, e n\u00e3o por causa de nosso m\u00e9rito, somos aceitos\/as por Deus e recebemos o Esp\u00edrito Santo, que nos renova os cora\u00e7\u00f5es e nos capacita e chama para boas obras.\u201d<\/p>\n<p>Para finalizar a palestra, houve uma Celebra\u00e7\u00e3o Ecum\u00eanica que contou com a presen\u00e7a de pastores, diaconisas, irm\u00e3s luteranas e estudantes de teologia.<\/p>\n<p>Assembleia da A\u00e7\u00e3o Evangelizadora do Regional<\/p>\n<p>Um dos temas abordados durante a Assembleia da A\u00e7\u00e3o Evangelizadora do Regional, que ocorreu de 08 a 09 de junho, foi o da Inicia\u00e7\u00e3o \u00e0 Vida Crist\u00e3. O bispo auxiliar de Porto Alegre, dom Leomar Ant\u00f4nio Brustolin, falou sobre os principais t\u00f3picos da \u201cInicia\u00e7\u00e3o \u00e0 Vida Crist\u00e3: Itiner\u00e1rio para formar disc\u00edpulos mission\u00e1rios\u201d. Este documento foi aprovado durante a \u00faltima Assembleia da Confer\u00eancia Nacional dos Bispos do Brasil (CNBB) e \u00e9, em s\u00edntese, de uma nova experi\u00eancia de forma\u00e7\u00e3o, do entendimento de que a inicia\u00e7\u00e3o n\u00e3o diz respeito somente \u00e0 catequese, mas perpassa todas as pastorais, movimentos e servi\u00e7os. \u201cPassados dez anos da Confer\u00eancia de Aparecida, este tema continua sempre atual\u201d, destacou dom Leomar.<\/p>\n<p>Ao refletir sobre o segundo cap\u00edtulo, dom Leomar explica que existe uma forma ordin\u00e1ria para forma\u00e7\u00e3o de crist\u00e3os, principalmente nestes tempos de mudan\u00e7a de \u00e9poca, quando se tem o compromisso de recuperar o caminho para anunciar Jesus. Nesse sentido, a casa da inicia\u00e7\u00e3o \u00e0 vida crist\u00e3 deve ser o eixo que transforma toda a pastoral.<\/p>\n<p>Indo mais longe \u00e0s reflex\u00f5es, ainda menciona a exist\u00eancia de uma pastoral dos sacramentos da inicia\u00e7\u00e3o desfigura da vida comunit\u00e1ria, da pastoral de conjunto e do compromisso s\u00f3cio-transformador. Assim, Dom Leomar acrescenta que a pastoral de manuten\u00e7\u00e3o se expressa, por exemplo, atrav\u00e9s de homilias superficiais e de uma catequese sacramental.<\/p>\n<p>Em rela\u00e7\u00e3o ao Projeto Diocesano de Inicia\u00e7\u00e3o \u00e0 Vida Crist\u00e3, um dos pontos ressaltados \u00e9 que haja acompanhamento dos catequizandos para integr\u00e1-los \u00e0 comunidade.<\/p>\n<p>O encontro com Jesus Cristo n\u00e3o pode ser dado como pressuposto. Se n\u00f3s n\u00e3o tivermos uma evangeliza\u00e7\u00e3o, n\u00e3o estaremos preparados para lidar com as novas configura\u00e7\u00f5es da fam\u00edlia; a principal catequista \u00e9 a comunidade; superar os paradigmas de instru\u00e7\u00e3o. A Inicia\u00e7\u00e3o \u00e0 Vida Crist\u00e3 \u00e9 um dos frutos mais ricos do Conc\u00edlio Ecum\u00eanico Vaticano II.<\/p>\n<p>Pastoral da Educa\u00e7\u00e3o<\/p>\n<p>A Comiss\u00e3o de Educa\u00e7\u00e3o e Cultura do Regional Sul 3 da CNBB, nomeada para o per\u00edodo de 2016 a 2019, visa capilarizar a Pastoral da Educa\u00e7\u00e3o no Estado do Rio Grande do Sul. Esta, consiste no \u201cconjunto dos esfor\u00e7os org\u00e2nicos e sistem\u00e1ticos que o Povo de Deus faz para refletir e p\u00f4r em pr\u00e1tica a mensagem evang\u00e9lica e suas exig\u00eancias na educa\u00e7\u00e3o. \u00c9 a presen\u00e7a e a a\u00e7\u00e3o da Igreja, proclamando e construindo o Reino de Deus no e atrav\u00e9s do mundo da educa\u00e7\u00e3o\u201d.\u00a0 CNBB. Para uma pastoral da educa\u00e7\u00e3o. S\u00e3o Paulo: Paulinas, 1986, p. 34 (Estudos da CNBB, 41). Projeto da Comiss\u00e3o de Educa\u00e7\u00e3o e Cultura do Regional Sul 3 da CNBB \u2013 2017-2019 [Fa\u00e7a o download aqui]<\/p>\n<p>Campanha da Fraternidade 2018<\/p>\n<p>A Campanha da Fraternidade (CF) de 2018 ter\u00e1 o tema: \u201cFraternidade e Supera\u00e7\u00e3o da viol\u00eancia\u201d e lema: \u201cV\u00f3s sois todos irm\u00e3os\u201d (Mt 23,8). Com o objetivo geral: \u201cConstruir a fraternidade promovendo a cultura da paz, da reconcilia\u00e7\u00e3o e da justi\u00e7a, \u00e0 luz da Palavra de Deus, como caminho de supera\u00e7\u00e3o da viol\u00eancia\u201d.<\/p>\n<p>Os participantes da assembleia refletiram sobre a necessidade de buscar o sentido da CF. Os bispos sublinharam a import\u00e2ncia de trabalhar a CF com os organismos da sociedade, envolver as prefeituras e secretarias municipais. Envolvimento das Pastorais Sociais neste processo.<\/p>\n<p>Encontro de Natal de 2017<\/p>\n<p>Padre Clair Favreto, da OSIB (Organiza\u00e7\u00e3o dos Semin\u00e1rios e Institutos do Brasil) chamou a aten\u00e7\u00e3o para os \u00edndices de viol\u00eancia ao citar que uma das cidades mais violentas do Brasil \u00e9 o munic\u00edpio de Alvorada que ocupa a 14\u00b0 posi\u00e7\u00e3o.<\/p>\n<p>Nos Encontros de Natal surgiu a ideia de trabalhar o tema da paz: \u201cNatal: tempo de construir a paz\u201d. Com a metodologia da Leitura Orante (um itiner\u00e1rio b\u00edblico vivencial). Um livreto contendo quatro encontros para a promo\u00e7\u00e3o da Paz artesanal na fam\u00edlia, nos grupos solid\u00e1rios e na comunidade. A celebra\u00e7\u00e3o de abertura, celebra\u00e7\u00e3o penitencial e encontro catequ\u00e9tico.<\/p>\n<p>Padre Clair frisou a necessidade de recuperar o simbolismo do Natal. J\u00e1 dom Leomar Brustolin chamou a aten\u00e7\u00e3o para \u201cencontrar caminhos para tornar o Natal mais vis\u00edvel. O ga\u00facho \u00e9 pouco resistente ao simbologismo de Natal e precisa buscar interatividade\u201d, lembrou.<\/p>\n<p>Servi\u00e7o de Evangeliza\u00e7\u00e3o da Juventude<\/p>\n<p>Dom Adelar Baruffi, bispo de Cruz Alta e referencial da Evangeliza\u00e7\u00e3o da Juventude forma\u00e7\u00e3o, estrutura e acompanhamento e missionariedade. Ouvir os jovens atrav\u00e9s de question\u00e1rio sobre o S\u00ednodo. [Clique aqui]<\/p>\n<p>Segundo Ir. Zenilde Fontes, coordenadora do Servi\u00e7o de Evangeliza\u00e7\u00e3o da Juventude, o desafio hoje \u00e9 o de ouvir a juventude. \u201cConstru\u00edmos um instrumento de estudo que apontar\u00e1 a realidade\u201d, reiterou Zenilde.<\/p>\n<p>Lembrou Zenilde que haver\u00e1 o Primeiro Semin\u00e1rio de pr\u00e1ticas de evangeliza\u00e7\u00e3o da juventude. Ser\u00e1 em agosto em Santa Maria (RS) e a Semana Mission\u00e1ria de 17 a 23 de julho pr\u00f3ximo, em Porto Alegre (RS).<\/p>\n<p>Na ocasi\u00e3o foi apresentado o novo coordenador do Setor de Evangeliza\u00e7\u00e3o da Juventude: Pe. Rudinei Zorzo, da Diocese de Caxias do Sul. Ir. Zenilde entrega a gest\u00e3o no dia 31 de dezembro. Dom Jaime Spengler, arcebispo de Porto Alegre e presidente do Regional Sul 3, agradeceu com grande reconhecimento o trabalho prestado pela Ir. Zenilde nos \u00faltimos seis \u00e0 frente do servi\u00e7o com a juventude do RS.<\/p>\n<p>Fundo Estadual da Solidariedade<\/p>\n<p>Dom Rodolfo Weber apresentou a finalidade de fomentar mais as pastorais sociais junto \u00e0s arquidioceses e diocese do RS. \u201cO Fundo privilegia a forma\u00e7\u00e3o, articula\u00e7\u00e3o e organiza\u00e7\u00e3o das atividades em n\u00edvel regional\u201d, esclareceu dom Rodolfo.<\/p>\n<p>\u201cA valoriza\u00e7\u00e3o das Coletas da Solidariedade e da Evangeliza\u00e7\u00e3o tem um significado lit\u00fargico, religioso e espiritual\u201d, salientou dom Zeno. Dom Jaime apontou poss\u00edveis causas para esta situa\u00e7\u00e3o, como, por exemplo, \u201ca falta de comunh\u00e3o eclesial, de senso de perten\u00e7a e corresponsabilidade\u201d. .<\/p>\n<p>\u201cNo contexto em que vivemos, n\u00e3o seria conveniente mostrar para a sociedade um pouco mais de visibilidade de nossas a\u00e7\u00f5es. Esse lado poderia despertar uma consci\u00eancia mais forte no povo\u201d, frisou dom Jaime.<\/p>\n<p>Para a leiga Genac\u00e9ia Alberton, a transpar\u00eancia na gest\u00e3o da aplica\u00e7\u00e3o de recursos; o d\u00edzimo, por exemplo, fortaleceria o sentido de perten\u00e7a. A transpar\u00eancia de presta\u00e7\u00e3o de recursos.<\/p>\n<p>Ainda sobre os projetos sociais, dom Rodolfo sugeriu a necessidade de cria\u00e7\u00e3o de or\u00e7amento para todas as pastorais do Regional.<\/p>\n<p>Pastoral da Crian\u00e7a e da Pessoa Idosa<\/p>\n<p>A coordenadora regional da Pastoral da Crian\u00e7a, Marli Ludwig contou que no RS se atende cerca de 34 mil crian\u00e7as. Lembro a Campanha dos Reis Magos que foi realizada em 16 dioceses do Brasil envolvidas. No RS, foi realizada nos tr\u00eas vicariatos da Arquidiocese de Porto Alegre. \u201cFoi uma experi\u00eancia positiva\u201d, destacou.<\/p>\n<p>O grande desafio da Pastoral da Crian\u00e7a no RS \u00e9 a escassez do voluntariado.\u00a0 \u201cDra. Zilda Arns dizia que o seu cora\u00e7\u00e3o estava inquieto\u201d, frisou Marli.<\/p>\n<p>Apesar dos desafios h\u00e1 sinais de esperan\u00e7a e responsabilidade surgindo. Essa \u00e9 a miss\u00e3o da Pastoral da Crian\u00e7a junto \u00e0s comunidades mais pobres.<\/p>\n<p>A Pastoral da Pessoa Idosa passa pela dificuldade de implanta\u00e7\u00e3o nas par\u00f3quias e atendimento aos idosos mais fragilizados.<\/p>\n<p>Pastoral do Migrante<\/p>\n<p>O padre M\u00e1rcio \u00e9 o novo coordenador da Pastoral do Migrante do Regional Sul 3 da CNBB e lembrou o espa\u00e7o de atendimento aos migrantes, o tema presente na migra\u00e7\u00e3o, o espa\u00e7o de orienta\u00e7\u00e3o e refer\u00eancia. \u201cHoje Trabalho a ser realizado \u00e9 o levantamento do n\u00famero de migrantes presentes no estado. Nesse sentido, pede a colabora\u00e7\u00e3o das dioceses, atrav\u00e9s das pastorais sociais\u201d, frisou.<\/p>\n<p>Pastoral da Aids, da Sobriedade e da Sa\u00fade<\/p>\n<p>Dom Ricardo Hoepers, bispo da diocese de Rio Grande, \u00e9 tamb\u00e9m o referencial da Pastoral da Aids, da Sobriedade e da Sa\u00fade, e contou que ao visitar o trabalho do frei Lunardi constatou um crescimento significativo do v\u00edrus entre a juventude, \u00edndice alto entre os idosos e frisou a necessidade de maior\u00a0 divulga\u00e7\u00e3o da Vig\u00edlia dos mortos pela Aids.<\/p>\n<p>Rinaldo Alberton da diocese de Novo Hamburgo falou sobre o Programa de Vida Nova. S\u00e3o cinco ciclos, que engloba cada um 12 passos. No RS, a Pastoral da Sobriedade est\u00e1 engatinhando. Na Diocese de Novo Hamburgo, Rinaldo Alberton \u00e9 o coordenador diocesano da Pastoral da Sobriedade. Lembrou que no RS apenas nove dioceses h\u00e1 algum trabalho de Pastoral da Sobriedade.<\/p>\n<p>A Pastoral da Sa\u00fade trabalha a partir de tr\u00eas dimens\u00f5es: \u201cassist\u00eancia solid\u00e1ria, comunit\u00e1ria e pol\u00edtica. H\u00e1 Pastoral da Sa\u00fade em todas as dioceses e algumas mais organizadas e outras n\u00e3o\u201d, lembrou a coordenadora Ir. Elise..<\/p>\n<p>Dom Ricardo chamou a aten\u00e7\u00e3o para import\u00e2ncia de a Pastoral da Sa\u00fade ter representatividade nos conselhos municipais.\u00a0 Dom Jacinto Bergmann, da Arquidiocese de Pelotas, trouxe a experi\u00eancia de um projeto: a institui\u00e7\u00e3o do Minist\u00e9rio dos visitadores de doentes.<\/p>\n<p>CPT e C\u00e1ritas<\/p>\n<p>A viol\u00eancia no campo com o assassinato de \u00edndios e sem-terra tem aumentado nos \u00faltimos tempos. A C\u00e1ritas do RS est\u00e1 a servi\u00e7o do Regional. \u201cTamb\u00e9m somos uma entidade de assist\u00eancia social. Treze que tem a\u00e7\u00e3o organizada de C\u00e1ritas\u201d, disse Marines Besson.<\/p>\n<p>Pastoral Familiar<\/p>\n<p>Dom Zeno ainda lembrou que a Pastoral Familiar esta com nova reorganiza\u00e7\u00e3o, nova dire\u00e7\u00e3o e atendendo as cinco urg\u00eancias.<\/p>\n<p>Ano do Laicato<\/p>\n<p>A Comiss\u00e3o Episcopal Pastoral para o Laicato da Confer\u00eancia Nacional dos Bispos do Brasil (CNBB), esteve reunida na sede da entidade, em Bras\u00edlia (DF), para preparar as atividades que ser\u00e3o realizadas durante o Ano do Laicato. A abertura ser\u00e1 na festa de Cristo Rei, que este ano ser\u00e1 celebrada dia 26 de novembro e segue at\u00e9 a mesma festa em 2018.<\/p>\n<p>S\u00edntese geral realizada por Judinei Vanzeto \u2013 Regional Sul 3 da CNBB<\/p>\n<p style=\"text-align: justify;\">Fonte: CNBB<\/p>\n","protected":false},"excerpt":{"rendered":"<p>A semana teve in\u00edcio na tarde de segunda-feira (05) at\u00e9 a sexta-feira (09), no Centro de Espiritualidade Cristo Rei (Cecrei), em S\u00e3o Leopoldo (RS). Os dois primeiros dois dias foram dedicados para assuntos econ\u00f4mico-administrativos e Conselho Episcopal Regional. O terceiro dia Encontro dos Bispos e Confer\u00eancia dos Religiosos do Brasil (CRB\/RS) e os dois \u00faltimos [&hellip;]<\/p>\n","protected":false},"author":1,"featured_media":31775,"comment_status":"open","ping_status":"open","sticky":false,"template":"","format":"standard","meta":{"footnotes":""},"categories":[7],"tags":[],"class_list":["post-31774","post","type-post","status-publish","format-standard","has-post-thumbnail","hentry","category-cnbb"],"_links":{"self":[{"href":"https:\/\/catolicanet.net\/wp-cnet\/wp-json\/wp\/v2\/posts\/31774","targetHints":{"allow":["GET"]}}],"collection":[{"href":"https:\/\/catolicanet.net\/wp-cnet\/wp-json\/wp\/v2\/posts"}],"about":[{"href":"https:\/\/catolicanet.net\/wp-cnet\/wp-json\/wp\/v2\/types\/post"}],"author":[{"embeddable":true,"href":"https:\/\/catolicanet.net\/wp-cnet\/wp-json\/wp\/v2\/users\/1"}],"replies":[{"embeddable":true,"href":"https:\/\/catolicanet.net\/wp-cnet\/wp-json\/wp\/v2\/comments?post=31774"}],"version-history":[{"count":2,"href":"https:\/\/catolicanet.net\/wp-cnet\/wp-json\/wp\/v2\/posts\/31774\/revisions"}],"predecessor-version":[{"id":31777,"href":"https:\/\/catolicanet.net\/wp-cnet\/wp-json\/wp\/v2\/posts\/31774\/revisions\/31777"}],"wp:featuredmedia":[{"embeddable":true,"href":"https:\/\/catolicanet.net\/wp-cnet\/wp-json\/wp\/v2\/media\/31775"}],"wp:attachment":[{"href":"https:\/\/catolicanet.net\/wp-cnet\/wp-json\/wp\/v2\/media?parent=31774"}],"wp:term":[{"taxonomy":"category","embeddable":true,"href":"https:\/\/catolicanet.net\/wp-cnet\/wp-json\/wp\/v2\/categories?post=31774"},{"taxonomy":"post_tag","embeddable":true,"href":"https:\/\/catolicanet.net\/wp-cnet\/wp-json\/wp\/v2\/tags?post=31774"}],"curies":[{"name":"wp","href":"https:\/\/api.w.org\/{rel}","templated":true}]}}