{"id":3177,"date":"2023-10-22T00:00:00","date_gmt":"2023-10-22T03:00:00","guid":{"rendered":"http:\/\/catolicanet.net\/wp-cnet\/santo-abercio-de-hierapolis\/"},"modified":"2023-01-02T17:27:43","modified_gmt":"2023-01-02T20:27:43","slug":"santo-abercio-de-hierapolis","status":"publish","type":"post","link":"https:\/\/catolicanet.net\/wp-cnet\/santo-abercio-de-hierapolis\/","title":{"rendered":"S\u00e3o Jo\u00e3o Paulo II \/ Santo Ab\u00e9rcio de Hier\u00e1polis"},"content":{"rendered":"<h5 class=\"fullTitle\" style=\"text-align: justify;\">Hist\u00f3ria de S\u00e3o Jo\u00e3o Paulo II<\/h5>\n<div class=\"modelo modelPic2\" style=\"text-align: justify;\">\n<div class=\"boxImg\">Papa Jo\u00e3o Paulo II<\/div>\n<\/div>\n<div class=\"contentEditable clf\" style=\"text-align: justify;\">\n<p>Jo\u00e3o Paulo II nasceu no dia 18 de maio de 1920 na cidade de Wadovice na Pol\u00f4nia sob o nome de<strong>\u00a0Karol Wojtyla<\/strong>. Sua hist\u00f3ria est\u00e1 totalmente ligada a hist\u00f3ria do seu pa\u00eds, oprimido at\u00e9 a 1\u00aa Guerra Mundial e em sua grande maioria cat\u00f3lico. A Pol\u00f4nia era praticamente uma vitoriosa em meio a tantos pa\u00edses vizinhos protestantes e ortodoxos. Ali,\u00a0<strong>ser cat\u00f3lico era motivo de orgulho a p\u00e1tria<\/strong>\u00a0e o nosso papa Jo\u00e3o Paulo II, desde crian\u00e7a, foi um cat\u00f3lico fervoroso e muito nacionalista.<\/p>\n<h5>Os primeiros passos na Igreja Cat\u00f3lica<\/h5>\n<p>Tinha o sonho de ser ator e aos 19 anos\u00a0<strong>seu maior sonho era ajudar a Pol\u00f4nia a vencer a guerra<\/strong>\u00a0e queria fazer isso atrav\u00e9s do teatro, utilizando-o como &#8220;<em>arma<\/em>&#8221; para &#8220;<em>ganhar esp\u00edritos<\/em>&#8220;. A Pol\u00f4nia tinha sido invadida por Hitler e os nazistas haviam\u00a0<strong>proibido qualquer tipo de missa ou semin\u00e1rio<\/strong>\u00a0mas em 1942, com 22 anos, entrou para o semin\u00e1rio \u201cclandestinamente\u201d e surpreendeu a todos quando anunciou que\u00a0<strong>queria ser padre<\/strong>. A inten\u00e7\u00e3o continuava a mesma, mas agora tinha o prop\u00f3sito da<strong>\u00a0Igreja Cat\u00f3lica<\/strong>\u00a0por tr\u00e1s de dela.<br \/>\nJo\u00e3o Paulo II manteve-se firme e tranquilo durante todo o processo principalmente contra os comunistas que eram contra o catolicismo e com\u00a0<strong>seu carisma e diplomacia<\/strong>\u00a0conseguiu subir rapidamente na\u00a0<strong>hierarquia da Igreja Cat\u00f3lica<\/strong>. No dia 1\u00ba de novembro de 1946 aconteceu a sua ordena\u00e7\u00e3o sacerdotal na Crac\u00f3via e em 1948 ap\u00f3s a sua gradu\u00e7\u00e3o como doutor, voltou a Pol\u00f4nia onde\u00a0<strong>foi vig\u00e1rio e capel\u00e3o dos Universit\u00e1rios<\/strong>.<\/p>\n<h5>A nomea\u00e7\u00e3o como Papa<\/h5>\n<p>Em 1960, a<strong>\u00a0Igreja Cat\u00f3lica<\/strong>\u00a0na Pol\u00f4nia vivia o momento oposto da Igreja Cat\u00f3lica no Ocidente. Enquanto uma era muito\u00a0<strong>respeitada e admirada<\/strong>\u00a0a outra ia de mal a pior. Por conta disso, em 1962 o Papa Jo\u00e3o XXIII convocou o \u201cConc\u00edlio do Vaticano\u201d com o intuito de de\u00a0<strong>modernizar o catolicismo<\/strong>\u00a0e reverter a atual situa\u00e7\u00e3o que a Igreja se encontrava.<br \/>\nJo\u00e3o Paulo II, rec\u00e9m promovido a bispo, foi um dos convidados do Conc\u00edlio e sua participa\u00e7\u00e3o foi muito firme e discreta, fato que despertou o interesse do Papa VI (sucessor de Jo\u00e3o XXIII) em querer escutar mais as suas propostas e ideias. Karol foi respons\u00e1vel por\u00a0<strong>influenciar muitas realiza\u00e7\u00f5es na Igreja<\/strong>\u00a0at\u00e9 a morte do Papa VI e a fat\u00eddica morte do Papa Jo\u00e3o Paulo I (seu sucessor) que morreu ap\u00f3s 33 dias no cargo. Diante dessa situa\u00e7\u00e3o, houve uma vota\u00e7\u00e3o e com 99 votos de 108 era eleito como novo papa, Karol Wojtyla, que escolheu o nome de Jo\u00e3o Paulo II em homenagem aos seus 3 antecessores.<\/p>\n<h5>Realiza\u00e7\u00f5es e fatos<\/h5>\n<p>Na missa inaugural, Jo\u00e3o Paulo II declarou publicamente a sua vontade de estar com os poloneses.\u00a0<strong>Nunca um Papa tinha entrado em um bloco comunista<\/strong>, mas sob amea\u00e7a de revolta, o dirigente na \u00e9poca foi obrigado a ceder e proporcionar ao povo uma visita de 8 dias a sua terra Natal\u00a0<strong>sendo recebido pelo grito \u201c<em>queremos Deus<\/em>\u201d.<\/strong><br \/>\nEm 1981,\u00a0<strong>sofreu um atentado<\/strong>\u00a0onde levou dois tiros e por pouco n\u00e3o morreu. At\u00e9 hoje n\u00e3o se sabe quem foram os respons\u00e1veis, mas desconfia-se da participa\u00e7\u00e3o de algum governo comunista. Mesmo depois disso,\u00a0<strong>o Papa seguiu firme nos seus prop\u00f3sitos<\/strong>\u00a0e continuou criticando os comunistas e usava suas armas mais fortes: diplomacia agressiva, espionagem e encontros secretos. Prova de seu\u00a0<strong>carisma e popularidade<\/strong>\u00a0foi o encontro de diversos l\u00edderes religiosos em 1986 onde a seu pedido houve uma tr\u00e9gua mundial que foi respeitada em v\u00e1rias na\u00e7\u00f5es em guerra. Inclusive,\u00a0<strong>foi um dos grandes respons\u00e1veis pela queda do comunismo.<\/strong><br \/>\nEm 1991, lutou contra a queda dos costumes da Igreja e tamb\u00e9m contra os esc\u00e2ndalos de pedofilia na igreja americana al\u00e9m de lutar tamb\u00e9m dentro da pr\u00f3pria Igreja onde acusou muitos d\u00e9rigos e te\u00f3logos que defendiam casamento de padres, ordena\u00e7\u00e3o de mulheres e outras teses pol\u00eamicas.<br \/>\nNo final de seu pontificado, j\u00e1 estava com a sa\u00fade bem debilitada e sofrendo do mal de Parkinson e com dificuldades para falar, respirar e andar teve que parar com as viagens que lhe renderam o carinhoso t\u00edtulo de \u201c<em>grande mission\u00e1rio<\/em>\u201d e tamb\u00e9m com as apari\u00e7\u00f5es em p\u00fablico.<\/p>\n<h5>Canoniza\u00e7\u00e3o<\/h5>\n<p>A\u00a0<strong>trajet\u00f3ria do Papa Jo\u00e3o Paulo II<\/strong>\u00a0at\u00e9 o pontificado \u00e9 cheia de\u00a0<strong>f\u00e9, coragem e determina\u00e7\u00e3o<\/strong> e n\u00e3o podemos deixar de exaltar esses elementos como fatores essenciais para a sua canoniza\u00e7\u00e3o e popularidade at\u00e9 nos dias de hoje.<\/p>\n<p>________________________________________________________________________<\/p>\n<\/div>\n<h3 style=\"text-align: justify;\"><strong>Santo Ab\u00e9rcio de Hier\u00e1polis<\/strong><\/h3>\n<p style=\"text-align: justify;\"><img decoding=\"async\" class=\"alignleft\" src=\"http:\/\/arquisp.org.br\/sites\/default\/files\/santo\/foto\/10-22-santo-abercio-de-hierapolis.jpg\" alt=\"Resultado de imagem para Santo Ab\u00e9rcio de Hier\u00e1polis\" \/>A hist\u00f3ria deste santo bispo esta ligada a uma inscri\u00e7\u00e3o tumular ditada por ele mesmo e descoberta em 1883 pelo arque\u00f3logo Ramsey, nas vizinhan\u00e7as de Hier\u00e1polis, na Fr\u00edgia. Antes dessa data, a vida deste santo, escrita no s\u00e9culo IV, era considerada pura e simplesmente lend\u00e1ria.<\/p>\n<p style=\"text-align: justify;\">Nesse lugar se encontrou o importante documento, conservado agora no Museu de Latr\u00e3o (Roma), que \u00e9 precioso em virtude das informa\u00e7\u00f5es sobre a pr\u00e1tica lit\u00fargica da Igreja primitiva.<\/p>\n<p style=\"text-align: justify;\">\u201cCidad\u00e3o de uma eleita cidade, fiz quando vivo este monumento para ter aqui uma digna sepultura para meu corpo, eu, Ab\u00e9rcio, disc\u00edpulo do casto pastor que apascenta rebanhos de ovelhas por montes e plan\u00edcies; ele tem grandes olhos que olham do alto para toda a parte. Ele me ensinou as Escrituras dignas de f\u00e9; ele me mandou a Roma para contemplar o pal\u00e1cio real e ver uma rainha de vestidos e cal\u00e7ados de ouro. Eu vi l\u00e1 um povo que traz um f\u00falgido sinal. Visitei tamb\u00e9m a planura da S\u00edria e todas as suas cidades e, al\u00e9m do Eufrates, N\u00edsibis, e por toda a parte encontrei co-irm\u00e3os&#8230; tendo Paulo comigo, e a f\u00e9 guiou-me por toda a parte e me deu por alimento o peixe de fonte, grand\u00edssimo, puro, que a casta virgem costuma pegar e dar de comer todos os dias a seus fi\u00e9is amigos, e h\u00e1 um excelente vinho que costuma dar com o p\u00e3o&#8230;\u201d<\/p>\n<p style=\"text-align: justify;\">O epit\u00e1fio, escrito por Ab\u00e9rcio aos 72 anos de idade, esclarece os pontos essenciais da doutrina crist\u00e3, do batismo \u00e0 eucaristia e ao primado do bispo de Roma.<\/p>\n<p style=\"text-align: justify;\">Santo Ab\u00e9rcio de Hier\u00e1polis, rogai por n\u00f3s!<\/p>\n","protected":false},"excerpt":{"rendered":"<p>Hist\u00f3ria de S\u00e3o Jo\u00e3o Paulo II Papa Jo\u00e3o Paulo II Jo\u00e3o Paulo II nasceu no dia 18 de maio de 1920 na cidade de Wadovice na Pol\u00f4nia sob o nome de\u00a0Karol Wojtyla. Sua hist\u00f3ria est\u00e1 totalmente ligada a hist\u00f3ria do seu pa\u00eds, oprimido at\u00e9 a 1\u00aa Guerra Mundial e em sua grande maioria cat\u00f3lico. A [&hellip;]<\/p>\n","protected":false},"author":1,"featured_media":54879,"comment_status":"closed","ping_status":"closed","sticky":false,"template":"","format":"standard","meta":{"footnotes":""},"categories":[32],"tags":[],"class_list":["post-3177","post","type-post","status-publish","format-standard","has-post-thumbnail","hentry","category-santo-do-dia"],"_links":{"self":[{"href":"https:\/\/catolicanet.net\/wp-cnet\/wp-json\/wp\/v2\/posts\/3177","targetHints":{"allow":["GET"]}}],"collection":[{"href":"https:\/\/catolicanet.net\/wp-cnet\/wp-json\/wp\/v2\/posts"}],"about":[{"href":"https:\/\/catolicanet.net\/wp-cnet\/wp-json\/wp\/v2\/types\/post"}],"author":[{"embeddable":true,"href":"https:\/\/catolicanet.net\/wp-cnet\/wp-json\/wp\/v2\/users\/1"}],"replies":[{"embeddable":true,"href":"https:\/\/catolicanet.net\/wp-cnet\/wp-json\/wp\/v2\/comments?post=3177"}],"version-history":[{"count":4,"href":"https:\/\/catolicanet.net\/wp-cnet\/wp-json\/wp\/v2\/posts\/3177\/revisions"}],"predecessor-version":[{"id":54880,"href":"https:\/\/catolicanet.net\/wp-cnet\/wp-json\/wp\/v2\/posts\/3177\/revisions\/54880"}],"wp:featuredmedia":[{"embeddable":true,"href":"https:\/\/catolicanet.net\/wp-cnet\/wp-json\/wp\/v2\/media\/54879"}],"wp:attachment":[{"href":"https:\/\/catolicanet.net\/wp-cnet\/wp-json\/wp\/v2\/media?parent=3177"}],"wp:term":[{"taxonomy":"category","embeddable":true,"href":"https:\/\/catolicanet.net\/wp-cnet\/wp-json\/wp\/v2\/categories?post=3177"},{"taxonomy":"post_tag","embeddable":true,"href":"https:\/\/catolicanet.net\/wp-cnet\/wp-json\/wp\/v2\/tags?post=3177"}],"curies":[{"name":"wp","href":"https:\/\/api.w.org\/{rel}","templated":true}]}}