{"id":31768,"date":"2017-06-14T11:38:00","date_gmt":"2017-06-14T14:38:00","guid":{"rendered":"http:\/\/catolicanet.net\/wp-cnet\/?p=31768"},"modified":"2017-06-19T10:03:49","modified_gmt":"2017-06-19T13:03:49","slug":"dom-arbolerius-e-antje-jackelen-presenteiam-papa-com-icone-de-sao-francisco","status":"publish","type":"post","link":"https:\/\/catolicanet.net\/wp-cnet\/dom-arbolerius-e-antje-jackelen-presenteiam-papa-com-icone-de-sao-francisco\/","title":{"rendered":"Dom Arbolerius e Antje Jackel\u00e9n presenteiam Papa com \u00edcone de S\u00e3o Francisco"},"content":{"rendered":"<p style=\"text-align: justify;\">Cidade do Vaticano (RV) \u2013 O Bispo Dom Anders Arbolerius \u2013 a ser criado Cardeal em 28 de junho \u2013 acompanhado pela Arcebispa da Igreja Luterana da Su\u00e9cia Antje Jackel\u00e9n, presentearam o Papa Francisco na Audi\u00eancia Geral desta quarta-feira com um \u00edcone de S\u00e3o Francisco de Assis ( 65 cm x 52 cm), pintado pelo artista cat\u00f3lico sueco Lars Germard.<\/p>\n<p>O presente foi tamb\u00e9m em agradecimento pela visita do Pont\u00edfice a Lund, em 2016, no marco das celebra\u00e7\u00f5es do V centenario da Reforma Protestante.<\/p>\n<p>Primeiro bispo cat\u00f3lico sueco desde a Reforma<\/p>\n<p>Dom Anders Arbolerius \u00e9 o primeiro bispo cat\u00f3lico nascido sueco desde a Reforma de Lutero e ser\u00e1, a partir de 28 de junho, o primeiro Cardeal escandinavo da hist\u00f3ria da Igreja.<\/p>\n<p>Convertido do luteranismo aos 20 anos, por influ\u00eancia das medita\u00e7\u00f5es sobre a carmelita Santa Teresa de Lisieux, tamb\u00e9m ele tornou-se um religioso carmelita.<\/p>\n<p>Em entrevista \u00e0 Ag\u00eancia Zenit, o prelado comentou que \u201ca Igreja Cat\u00f3lica na Su\u00e9cia aumenta a quantidade de seus filos, ou pelas convers\u00f5es ou pela imigra\u00e7\u00e3o cat\u00f3lica. Alguns suecos \u2013 observou &#8211;\u00a0 a maioria homens, tamb\u00e9m se convertem depois de casar com esposas imigrantes de religi\u00e3o cat\u00f3lica\u201d.<\/p>\n<p>Declara\u00e7\u00e3o Comum, pedra fundamental no caminha da unidade<\/p>\n<p>J\u00e1 a Arcebispa Jackel\u00e9n, antes de viajar a Roma para o encontro desta quarta-feira, declarou por telefone \u00e0 Zenit que \u201ca Declara\u00e7\u00e3o Conjunta sobre a Justifica\u00e7\u00e3o, assinada pela Igreja Luterana e a Igreja Cat\u00f3lica romana em 31 de outubro de 1999, foi uma pedra fundamental no camino para a unidade dos crist\u00e3os\u201d.<\/p>\n<p>\u201cForam 50 anos de trabalhos entre a Igreja Cat\u00f3lica e a Luterana\u201d \u2013 sublinhou \u2013 destacando a import\u00e2ncia de que tamb\u00e9m \u201ca Igreja Metodista tenha aceitado esta Declara\u00e7\u00e3o conjunta, que merece um grande reconhecimento\u201d.<\/p>\n<p>\u201cH\u00e1 muito trabalho a ser feito \u2013 reconhece a Arcebispa \u2013 e n\u00e3o por acaso, na visita a Lund, o Arcebispo Arbolerius e eu mesma nos perguntamos quando seria o momento em que luteranos e cat\u00f3licos poderiam celebrar a Eucaristia juntos\u201d.<\/p>\n<p>Ela acrescentou que quer manter contato com Roma, o que qualifica de \u201csolid\u00e1rio em um sentido de voca\u00e7\u00e3o comum como l\u00edderes religiosos de suas respectivas Igrejas\u201d.<\/p>\n<p>Em seu site, o artista Lars Germard explica que o \u00edcone de S\u00e3o Francisco foi pintado em 2016 a pedidos das Igrejas Cat\u00f3lica e Luterna da Su\u00e9cia, como um presente comum, de valor ecum\u00eanico, para o Papa Francisco em sinal de gratid\u00e3o pela sua visita \u00e0 Su\u00e9cia.<\/p>\n<p style=\"text-align: justify;\">Fonte: R\u00e1dio Vaticano<\/p>\n","protected":false},"excerpt":{"rendered":"<p>Cidade do Vaticano (RV) \u2013 O Bispo Dom Anders Arbolerius \u2013 a ser criado Cardeal em 28 de junho \u2013 acompanhado pela Arcebispa da Igreja Luterana da Su\u00e9cia Antje Jackel\u00e9n, presentearam o Papa Francisco na Audi\u00eancia Geral desta quarta-feira com um \u00edcone de S\u00e3o Francisco de Assis ( 65 cm x 52 cm), pintado pelo [&hellip;]<\/p>\n","protected":false},"author":1,"featured_media":31769,"comment_status":"open","ping_status":"open","sticky":false,"template":"","format":"standard","meta":{"footnotes":""},"categories":[3],"tags":[],"class_list":["post-31768","post","type-post","status-publish","format-standard","has-post-thumbnail","hentry","category-vaticano"],"_links":{"self":[{"href":"https:\/\/catolicanet.net\/wp-cnet\/wp-json\/wp\/v2\/posts\/31768","targetHints":{"allow":["GET"]}}],"collection":[{"href":"https:\/\/catolicanet.net\/wp-cnet\/wp-json\/wp\/v2\/posts"}],"about":[{"href":"https:\/\/catolicanet.net\/wp-cnet\/wp-json\/wp\/v2\/types\/post"}],"author":[{"embeddable":true,"href":"https:\/\/catolicanet.net\/wp-cnet\/wp-json\/wp\/v2\/users\/1"}],"replies":[{"embeddable":true,"href":"https:\/\/catolicanet.net\/wp-cnet\/wp-json\/wp\/v2\/comments?post=31768"}],"version-history":[{"count":1,"href":"https:\/\/catolicanet.net\/wp-cnet\/wp-json\/wp\/v2\/posts\/31768\/revisions"}],"predecessor-version":[{"id":31770,"href":"https:\/\/catolicanet.net\/wp-cnet\/wp-json\/wp\/v2\/posts\/31768\/revisions\/31770"}],"wp:featuredmedia":[{"embeddable":true,"href":"https:\/\/catolicanet.net\/wp-cnet\/wp-json\/wp\/v2\/media\/31769"}],"wp:attachment":[{"href":"https:\/\/catolicanet.net\/wp-cnet\/wp-json\/wp\/v2\/media?parent=31768"}],"wp:term":[{"taxonomy":"category","embeddable":true,"href":"https:\/\/catolicanet.net\/wp-cnet\/wp-json\/wp\/v2\/categories?post=31768"},{"taxonomy":"post_tag","embeddable":true,"href":"https:\/\/catolicanet.net\/wp-cnet\/wp-json\/wp\/v2\/tags?post=31768"}],"curies":[{"name":"wp","href":"https:\/\/api.w.org\/{rel}","templated":true}]}}