{"id":31751,"date":"2017-06-14T10:00:13","date_gmt":"2017-06-14T13:00:13","guid":{"rendered":"http:\/\/catolicanet.net\/wp-cnet\/?p=31751"},"modified":"2017-06-19T09:20:29","modified_gmt":"2017-06-19T12:20:29","slug":"estado-islamico-estimula-seus-terroristas-a-cometer-mais-ataques-durante-ramada","status":"publish","type":"post","link":"https:\/\/catolicanet.net\/wp-cnet\/estado-islamico-estimula-seus-terroristas-a-cometer-mais-ataques-durante-ramada\/","title":{"rendered":"Estado Isl\u00e2mico estimula seus terroristas a cometer mais ataques durante Ramad\u00e3"},"content":{"rendered":"<p>ROMA, 14 Jun. 17 \/ 09:00 am (ACI).- O grupo extremista Estado Isl\u00e2mico (ISIS) convocou os seus membros a cometer mais atos terroristas na Europa, nos Estados Unidos, na R\u00fassia, na S\u00edria, nas Filipinas, na Austr\u00e1lia, no Ir\u00e3 e no Iraque durante os dias restantes do Ramad\u00e3, m\u00eas sagrado mu\u00e7ulmano que termina no dia 24 de junho.<\/p>\n<p>Conforme informou a ag\u00eancia Reuters, o grupo terrorista fez este apelo atrav\u00e9s de um \u00e1udio difundido na segunda-feira no sistema criptografado de mensagens Telegram. A voz \u00e9 atribu\u00eddo ao porta-voz oficial do ISIS, Abi al-Hassan al-Muhajer.<\/p>\n<p>A ag\u00eancia indicou que \u201ca autenticidade da grava\u00e7\u00e3o n\u00e3o p\u00f4de ser verificada de forma independente, mas a voz era a mesma de uma mensagem de \u00e1udio anterior, que supostamente era do porta-voz\u201d.<\/p>\n<p>No \u00e1udio, o porta-voz do ISIS estimula os seus \u201cle\u00f5es de Mossul, Raqqa e Tal Afar\u201d a atacar os \u201crechazistas (sic) e os ap\u00f3statas\u201d. O termo \u201crechazista\u201d \u00e9 usado depreciativamente para se referir aos mu\u00e7ulmanos xiitas.<\/p>\n<p>\u201cAos irm\u00e3os de f\u00e9 e cren\u00e7a na Europa, Am\u00e9rica, R\u00fassia, Austr\u00e1lia e outros. Seus irm\u00e3os em sua terra natal fizeram bem, assim sigamos o seu exemplo e fa\u00e7am o que eles fizeram\u201d, acrescentou.<\/p>\n<p>Embora neste ano o Ramad\u00e3 tenha come\u00e7ado em 26 de maio, o Estado Isl\u00e2mico atacou o Reino Unido alguns dias antes e uma das suas filiais nas Filipinas combate contra o ex\u00e9rcito na cidade de Marawi, onde sequestrou um sacerdote e cerca de 15 fi\u00e9is, al\u00e9m de incendiar a catedral dedicada \u00e0 Virgem Maria.<\/p>\n<p>Al\u00e9m disso, em 8 de junho, atacou o Parlamento do Ir\u00e3 e o mausol\u00e9u de Ruhol\u00e1 Jomeini.<\/p>\n<p>&nbsp;<\/p>\n<p>Fonte: Acidigital<\/p>\n","protected":false},"excerpt":{"rendered":"<p>ROMA, 14 Jun. 17 \/ 09:00 am (ACI).- O grupo extremista Estado Isl\u00e2mico (ISIS) convocou os seus membros a cometer mais atos terroristas na Europa, nos Estados Unidos, na R\u00fassia, na S\u00edria, nas Filipinas, na Austr\u00e1lia, no Ir\u00e3 e no Iraque durante os dias restantes do Ramad\u00e3, m\u00eas sagrado mu\u00e7ulmano que termina no dia 24 [&hellip;]<\/p>\n","protected":false},"author":1,"featured_media":31752,"comment_status":"open","ping_status":"open","sticky":false,"template":"","format":"standard","meta":{"footnotes":""},"categories":[4],"tags":[],"class_list":["post-31751","post","type-post","status-publish","format-standard","has-post-thumbnail","hentry","category-cotidiano"],"_links":{"self":[{"href":"https:\/\/catolicanet.net\/wp-cnet\/wp-json\/wp\/v2\/posts\/31751","targetHints":{"allow":["GET"]}}],"collection":[{"href":"https:\/\/catolicanet.net\/wp-cnet\/wp-json\/wp\/v2\/posts"}],"about":[{"href":"https:\/\/catolicanet.net\/wp-cnet\/wp-json\/wp\/v2\/types\/post"}],"author":[{"embeddable":true,"href":"https:\/\/catolicanet.net\/wp-cnet\/wp-json\/wp\/v2\/users\/1"}],"replies":[{"embeddable":true,"href":"https:\/\/catolicanet.net\/wp-cnet\/wp-json\/wp\/v2\/comments?post=31751"}],"version-history":[{"count":1,"href":"https:\/\/catolicanet.net\/wp-cnet\/wp-json\/wp\/v2\/posts\/31751\/revisions"}],"predecessor-version":[{"id":31753,"href":"https:\/\/catolicanet.net\/wp-cnet\/wp-json\/wp\/v2\/posts\/31751\/revisions\/31753"}],"wp:featuredmedia":[{"embeddable":true,"href":"https:\/\/catolicanet.net\/wp-cnet\/wp-json\/wp\/v2\/media\/31752"}],"wp:attachment":[{"href":"https:\/\/catolicanet.net\/wp-cnet\/wp-json\/wp\/v2\/media?parent=31751"}],"wp:term":[{"taxonomy":"category","embeddable":true,"href":"https:\/\/catolicanet.net\/wp-cnet\/wp-json\/wp\/v2\/categories?post=31751"},{"taxonomy":"post_tag","embeddable":true,"href":"https:\/\/catolicanet.net\/wp-cnet\/wp-json\/wp\/v2\/tags?post=31751"}],"curies":[{"name":"wp","href":"https:\/\/api.w.org\/{rel}","templated":true}]}}