{"id":3173,"date":"2013-10-21T15:36:04","date_gmt":"2013-10-21T17:36:04","guid":{"rendered":"http:\/\/catolicanet.net\/wp-cnet\/argelia-concluida-restauracao-da-basilica-de-santo-agostinho\/"},"modified":"2017-03-23T15:00:15","modified_gmt":"2017-03-23T18:00:15","slug":"argelia-concluida-restauracao-da-basilica-de-santo-agostinho","status":"publish","type":"post","link":"https:\/\/catolicanet.net\/wp-cnet\/argelia-concluida-restauracao-da-basilica-de-santo-agostinho\/","title":{"rendered":"Arg\u00e9lia: conclu\u00edda restaura\u00e7\u00e3o da Bas\u00edlica de Santo Agostinho"},"content":{"rendered":"<p style=\"text-align: justify;\"><img decoding=\"async\" src=\"http:\/\/catolicanet.com.br\/images\/stories\/basilicadesantoagostinho.jpg\" border=\"0\" align=\"left\" \/>Foi inaugurada no \u00faltimo s\u00e1bado, dia 19, a Bas\u00edlica de Santo Agostinho em Anaba, a antiga cidade de Hipona, na Arg\u00e9lia ocidental, ap\u00f3s tr\u00eas anos e meio de trabalhos de restaura\u00e7\u00e3o e que custaram quase 5 milh\u00f5es de euros. Entre os financiadores da obra, al\u00e9m de autoridades locais e empresas privadas da Arg\u00e9lia e Fran\u00e7a, tamb\u00e9m Bento XVI, que fez uma doa\u00e7\u00e3o pessoal, contribuindo para a recupera\u00e7\u00e3o da estrutura danificada por infiltra\u00e7\u00f5es de \u00e1gua da chuva.<\/p>\n<p>Participaram da cerim\u00f4nia de inaugura\u00e7\u00e3o, funcion\u00e1rios do governo franc\u00eas e argelino al\u00e9m de diplomatas de v\u00e1rios pa\u00edses: presente tamb\u00e9m o Bispo de Constantine, Dom Paul Desfarges, que reiterou que a Bas\u00edlica \u00e9 \u201cum s\u00edmbolo de liga\u00e7\u00e3o entre as religi\u00f5es\u201d, afirmando que deve permanecer ao \u201cservi\u00e7o do di\u00e1logo entre as duas margens do Mediterr\u00e2neo\u201d.<\/p>\n<p>Conclu\u00edda em 1909, durante a coloniza\u00e7\u00e3o francesa, antes da restaura\u00e7\u00e3o, a Bas\u00edlica era visitada por milhares de peregrinos, turistas e estudiosos<\/p>\n<p style=\"text-align: justify;\">\u00a0<\/p>\n<p style=\"text-align: justify;\"><strong>Local: Hipona<br \/>Fonte: R\u00e1dio Vaticano<\/strong><\/p>\n","protected":false},"excerpt":{"rendered":"<p>Foi inaugurada no \u00faltimo s\u00e1bado, dia 19, a Bas\u00edlica de Santo Agostinho em Anaba, a antiga cidade de Hipona, na Arg\u00e9lia ocidental, ap\u00f3s tr\u00eas anos e meio de trabalhos de restaura\u00e7\u00e3o e que custaram quase 5 milh\u00f5es de euros. Entre os financiadores da obra, al\u00e9m de autoridades locais e empresas privadas da Arg\u00e9lia e Fran\u00e7a, [&hellip;]<\/p>\n","protected":false},"author":1,"featured_media":0,"comment_status":"closed","ping_status":"closed","sticky":false,"template":"","format":"standard","meta":{"footnotes":""},"categories":[3],"tags":[],"class_list":["post-3173","post","type-post","status-publish","format-standard","hentry","category-vaticano"],"_links":{"self":[{"href":"https:\/\/catolicanet.net\/wp-cnet\/wp-json\/wp\/v2\/posts\/3173","targetHints":{"allow":["GET"]}}],"collection":[{"href":"https:\/\/catolicanet.net\/wp-cnet\/wp-json\/wp\/v2\/posts"}],"about":[{"href":"https:\/\/catolicanet.net\/wp-cnet\/wp-json\/wp\/v2\/types\/post"}],"author":[{"embeddable":true,"href":"https:\/\/catolicanet.net\/wp-cnet\/wp-json\/wp\/v2\/users\/1"}],"replies":[{"embeddable":true,"href":"https:\/\/catolicanet.net\/wp-cnet\/wp-json\/wp\/v2\/comments?post=3173"}],"version-history":[{"count":1,"href":"https:\/\/catolicanet.net\/wp-cnet\/wp-json\/wp\/v2\/posts\/3173\/revisions"}],"predecessor-version":[{"id":7684,"href":"https:\/\/catolicanet.net\/wp-cnet\/wp-json\/wp\/v2\/posts\/3173\/revisions\/7684"}],"wp:attachment":[{"href":"https:\/\/catolicanet.net\/wp-cnet\/wp-json\/wp\/v2\/media?parent=3173"}],"wp:term":[{"taxonomy":"category","embeddable":true,"href":"https:\/\/catolicanet.net\/wp-cnet\/wp-json\/wp\/v2\/categories?post=3173"},{"taxonomy":"post_tag","embeddable":true,"href":"https:\/\/catolicanet.net\/wp-cnet\/wp-json\/wp\/v2\/tags?post=3173"}],"curies":[{"name":"wp","href":"https:\/\/api.w.org\/{rel}","templated":true}]}}