{"id":3172,"date":"2013-10-21T15:12:21","date_gmt":"2013-10-21T17:12:21","guid":{"rendered":"http:\/\/catolicanet.net\/wp-cnet\/falsos-idolos\/"},"modified":"2017-03-23T15:03:28","modified_gmt":"2017-03-23T18:03:28","slug":"falsos-idolos","status":"publish","type":"post","link":"https:\/\/catolicanet.net\/wp-cnet\/falsos-idolos\/","title":{"rendered":"Falsos \u00cddolos"},"content":{"rendered":"<p style=\"text-align: justify;\"><img decoding=\"async\" src=\"http:\/\/catolicanet.com.br\/images\/stories\/convidigal3.jpg\" border=\"0\" align=\"left\" \/>Assustadoras s\u00e3o as mensagens que a m\u00eddia divulga sem um crit\u00e9rio baseado na raz\u00e3o e na f\u00e9, trazendo turbul\u00eancia horripila, sobretudo para as mentes dos adolescentes e jovens e para muitos adultos incautos. Fala-se muito nos crimes perversos que est\u00e3o acontecendo a cada instante neste pa\u00eds e, no entanto, filmes de\u00a0 roubos e assassinatos s\u00e3o divulgados. A pornografia impera nas novelas televisas e no programas dos muitos maus formadores de opini\u00e3o. Agora um programa de grande audi\u00eancia nas noites de domingo apresentou, como modelo de profeta, o cantor Cazuza. Perplexos ficaram muitos aut\u00eanticos crist\u00e3os e cientistas sociais diante de tal estult\u00edcia. Se um drogado, um jovem sem regras e transviado \u00e9 apresentado ao mundo brasileiro como \u201cmodelo e profeta\u201d isto significa que os verdadeiros valores n\u00e3o s\u00e3o levados \u00e0\u00a0\u00a0 juventude. O filme Cazuza \u00e9 estarrecedor, segundo os melhores psic\u00f3logos. N\u00e3o \u00e9 admiss\u00edvel cultuar um marginal quando se deve construir uma sociedade progressista e que n\u00e3o cultive paix\u00f5es desregradas e incentiva o uso das drogas. N\u00e3o \u00e9 deste modo que se ter\u00e1 um mundo melhor. Hoje \u00e9 elementar que as ci\u00eancias humanas n\u00e3o podem teorizar, isto \u00e9, alhear-se da realidade concreta. As a\u00e7\u00f5es do homem s\u00e3o um acontecimento real. Assim sendo, o comunicador\u00a0 deve ser hermeneuta, isto \u00e9, int\u00e9rprete dos atos humanos e dos fatores concretos que neles influ\u00edram\u00a0 e influem, pois o homem \u00e9 um\u00a0 ser que vive e faz hist\u00f3ria, ser consciente no mundo.\u00a0 Na crista do acontecimento passado se erguem as possibilidades do futuro, n\u00e3o apenas do futuro que \u00e9 o porvir ante o historiador e o comunicador, mas daquele porvir que surge ante os personagens que dele se tornaram art\u00edfices, pessoas reais, agindo movidas por uma ideologia encarnada neles por for\u00e7a da estrutura e da pr\u00f3pria evolu\u00e7\u00e3o hist\u00f3rica, ideologia inconsciente, mas que se projeta nas atitudes e, sobretudo, na palavra, na linguagem a transmissora do que se passa nas consci\u00eancias cr\u00edticas. Endeusar atitudes err\u00f4neas \u00e9 contribuir para a desgra\u00e7a de toda a humanidade. O que nunca se pode esquecer \u00e9 que a linguagem se acha assim intimamente vinculada \u00e0 cultura. Pode-se inclusive afirmar que a linguagem est\u00e1 relacionada com a cultura de tal forma que\u00a0 n\u00e3o apenas a cultura produz linguagem, mas a linguagem ajuda\u00a0 dissemina\u00e7\u00e3o da cultura. N\u00e3o apenas a linguagem falada ou escrita, mas a linguagem n\u00e3o verbal que \u00e9 transmitida pelas atitudes, pelas a\u00e7\u00f5es. Ora, um traficante que foi comparado at\u00e9 com Fernandinho Beira Mar n\u00e3o pode nunca ser modelo para ningu\u00e9m. \u00c9 por n\u00e3o se prestar aten\u00e7\u00e3o a esta realidade que na comunica\u00e7\u00e3o podem surgir equ\u00edvocos ou ambiguidades, pois a linguagem tamb\u00e9m tem o poder de influenciar negativamente a cultura, deturpando-a, como ocorre no caso que est\u00e1 sendo analisado.\u00a0 Quem comunica\u00a0 tem necessidade de estar consciente de que a linguagem tem por objetivo traduzir, descrever id\u00e9ias atrav\u00e9s das palavras que comp\u00f5em as frases. A forma\u00e7\u00e3o e o desenvolvimento da linguagem est\u00e3o intimamente associados \u00e0 forma\u00e7\u00e3o e ao desenvolvimento do pensamento humano que precisa ser transmitido com exatid\u00e3o, sem manipular os acontecimentos. Eis porque n\u00e3o se pode dissociar a linguagem da cultura. A palavra que exprime a id\u00e9ia \u00e9 suscept\u00edvel de varia\u00e7\u00e3o conforme o lugar, o momento, o meio social, as disposi\u00e7\u00f5es do indiv\u00edduo. Entretanto, atrav\u00e9s da palavra pode haver uma manipula\u00e7\u00e3o esp\u00faria que n\u00e3o expressa a realidade. N\u00e3o se pode esquecer que as leis psicol\u00f3gicas da intelig\u00eancia est\u00e3o em rela\u00e7\u00e3o estreita com as da palavra que pode ou n\u00e3o ser instrumentalizada de acordo com interesses do comunicador. Este, por\u00e9m, n\u00e3o deve nunca trair a verdade, evitando ent\u00e3o qualquer ambiguidade, os equ\u00edvocos e, sobretudo, os sofismas que podem estar a servi\u00e7o do poder dominante ou da a\u00e7\u00e3o do maligno. A dissolu\u00e7\u00e3o dos bons costumes abre espa\u00e7os para todo tido de desgra\u00e7a humana. Muito se fala no senso cr\u00edtico dos que recebem as comunica\u00e7\u00f5es e isto \u00e9 essencial, mas, por vezes, n\u00e3o \u00e9 f\u00e1cil escapar da linguagem a servi\u00e7o da contracultura. Eis porque cumpre pensar, pesando as id\u00e9ias, avaliando-as, decodificando, analisando as palavras empregadas pelo comunicador.\u00a0 Exaltar os verdadeiros her\u00f3is, aplaudir a virtude, condenar os v\u00edcios eis a\u00ed uma tarefa digna de louvor, uma obra verdadeiramente patri\u00f3tica.<\/p>\n","protected":false},"excerpt":{"rendered":"<p>Assustadoras s\u00e3o as mensagens que a m\u00eddia divulga sem um crit\u00e9rio baseado na raz\u00e3o e na f\u00e9, trazendo turbul\u00eancia horripila, sobretudo para as mentes dos adolescentes e jovens e para muitos adultos incautos. Fala-se muito nos crimes perversos que est\u00e3o acontecendo a cada instante neste pa\u00eds e, no entanto, filmes de\u00a0 roubos e assassinatos s\u00e3o [&hellip;]<\/p>\n","protected":false},"author":7,"featured_media":0,"comment_status":"closed","ping_status":"closed","sticky":false,"template":"","format":"standard","meta":{"footnotes":""},"categories":[9],"tags":[],"class_list":["post-3172","post","type-post","status-publish","format-standard","hentry","category-artigos"],"_links":{"self":[{"href":"https:\/\/catolicanet.net\/wp-cnet\/wp-json\/wp\/v2\/posts\/3172","targetHints":{"allow":["GET"]}}],"collection":[{"href":"https:\/\/catolicanet.net\/wp-cnet\/wp-json\/wp\/v2\/posts"}],"about":[{"href":"https:\/\/catolicanet.net\/wp-cnet\/wp-json\/wp\/v2\/types\/post"}],"author":[{"embeddable":true,"href":"https:\/\/catolicanet.net\/wp-cnet\/wp-json\/wp\/v2\/users\/7"}],"replies":[{"embeddable":true,"href":"https:\/\/catolicanet.net\/wp-cnet\/wp-json\/wp\/v2\/comments?post=3172"}],"version-history":[{"count":1,"href":"https:\/\/catolicanet.net\/wp-cnet\/wp-json\/wp\/v2\/posts\/3172\/revisions"}],"predecessor-version":[{"id":7685,"href":"https:\/\/catolicanet.net\/wp-cnet\/wp-json\/wp\/v2\/posts\/3172\/revisions\/7685"}],"wp:attachment":[{"href":"https:\/\/catolicanet.net\/wp-cnet\/wp-json\/wp\/v2\/media?parent=3172"}],"wp:term":[{"taxonomy":"category","embeddable":true,"href":"https:\/\/catolicanet.net\/wp-cnet\/wp-json\/wp\/v2\/categories?post=3172"},{"taxonomy":"post_tag","embeddable":true,"href":"https:\/\/catolicanet.net\/wp-cnet\/wp-json\/wp\/v2\/tags?post=3172"}],"curies":[{"name":"wp","href":"https:\/\/api.w.org\/{rel}","templated":true}]}}