{"id":3171,"date":"2013-10-21T13:09:04","date_gmt":"2013-10-21T15:09:04","guid":{"rendered":"http:\/\/catolicanet.net\/wp-cnet\/orionitas-celebram-centenario-de-presenca-no-brasil\/"},"modified":"2017-03-23T15:03:53","modified_gmt":"2017-03-23T18:03:53","slug":"orionitas-celebram-centenario-de-presenca-no-brasil","status":"publish","type":"post","link":"https:\/\/catolicanet.net\/wp-cnet\/orionitas-celebram-centenario-de-presenca-no-brasil\/","title":{"rendered":"Orionitas celebram centen\u00e1rio de presen\u00e7a no Brasil"},"content":{"rendered":"<p style=\"text-align: justify;\"><img decoding=\"async\" src=\"http:\/\/catolicanet.com.br\/images\/stories\/aparecidadonorte.jpg\" border=\"0\" align=\"left\" \/>Neste domingo o Santu\u00e1rio de Aparecida recebeu a Romaria Nacional dos Orionitas, Pequena Obra da Divina Provid\u00eancia.<\/p>\n<p>A celebra\u00e7\u00e3o, com cerca de 1.600 participantes, encerrou a Assembleia Geral dos Religiosos Orionitas, realizada em Aparecida (SP) desde o dia 13 de outubro, com a presen\u00e7a de representantes da Congrega\u00e7\u00e3o pelo mundo, incluindo o Superior Geral da Congrega\u00e7\u00e3o, padre Fl\u00e1vio Peloso.<\/p>\n<p>Em comemora\u00e7\u00e3o pelos 100 anos da presen\u00e7a dos orionitas no Brasil, a congrega\u00e7\u00e3o inaugurou no domingo o Ano Mission\u00e1rio Orionita, celebrando a obra de seu fundador, S\u00e3o Lu\u00eds Orione, que, em 1903, enviou os tr\u00eas primeiros mission\u00e1rios que seguiram para Mar de Espanha (Minas Gerais). Depois, em 1921 e em 1934, Dom Orione veio para o Brasil e promoveu o crescimento da sua fam\u00edlia religiosa.<\/p>\n<p>Para a celebra\u00e7\u00e3o no Santu\u00e1rio Nacional, foi trazida a rel\u00edquia contendo o sangue do santo, que percorrer\u00e1 todas as comunidades onde est\u00e3o os orionitas no Brasil e que, ap\u00f3s este itiner\u00e1rio, permanecer\u00e1 no Santu\u00e1rio a ele dedicado em Cotia (SP).<\/p>\n<p>&#8220;A romaria da Fam\u00edlia Orionita a Aparecida \u00e9 tradicional. S\u00e3o mais de 30 anos que os orionitas se encontram, sempre no terceiro domingo de outubro, em Aparecida. Mas neste ano a Romaria se reveste de um car\u00e1ter especial pelo centen\u00e1rio de presen\u00e7a no Brasil. N\u00f3s nos sentimos muito bem na Casa da M\u00e3e Aparecida&#8221;, disse o secret\u00e1rio provincial, Padre Tarc\u00edsio Vieira.<\/p>\n<p>A missa foi presidida pelo Bispo da diocese de Balsas, no Maranh\u00e3o, Dom Enem\u00e9sio \u00c2ngelo Lazzaris.<\/p>\n<p style=\"text-align: justify;\">\u00a0<\/p>\n<p style=\"text-align: justify;\"><strong>Local: Aparecida <br \/>Fonte: R\u00e1dio Vaticano<\/strong><\/p>\n","protected":false},"excerpt":{"rendered":"<p>Neste domingo o Santu\u00e1rio de Aparecida recebeu a Romaria Nacional dos Orionitas, Pequena Obra da Divina Provid\u00eancia. A celebra\u00e7\u00e3o, com cerca de 1.600 participantes, encerrou a Assembleia Geral dos Religiosos Orionitas, realizada em Aparecida (SP) desde o dia 13 de outubro, com a presen\u00e7a de representantes da Congrega\u00e7\u00e3o pelo mundo, incluindo o Superior Geral da [&hellip;]<\/p>\n","protected":false},"author":1,"featured_media":0,"comment_status":"closed","ping_status":"closed","sticky":false,"template":"","format":"standard","meta":{"footnotes":""},"categories":[3],"tags":[],"class_list":["post-3171","post","type-post","status-publish","format-standard","hentry","category-vaticano"],"_links":{"self":[{"href":"https:\/\/catolicanet.net\/wp-cnet\/wp-json\/wp\/v2\/posts\/3171","targetHints":{"allow":["GET"]}}],"collection":[{"href":"https:\/\/catolicanet.net\/wp-cnet\/wp-json\/wp\/v2\/posts"}],"about":[{"href":"https:\/\/catolicanet.net\/wp-cnet\/wp-json\/wp\/v2\/types\/post"}],"author":[{"embeddable":true,"href":"https:\/\/catolicanet.net\/wp-cnet\/wp-json\/wp\/v2\/users\/1"}],"replies":[{"embeddable":true,"href":"https:\/\/catolicanet.net\/wp-cnet\/wp-json\/wp\/v2\/comments?post=3171"}],"version-history":[{"count":1,"href":"https:\/\/catolicanet.net\/wp-cnet\/wp-json\/wp\/v2\/posts\/3171\/revisions"}],"predecessor-version":[{"id":7686,"href":"https:\/\/catolicanet.net\/wp-cnet\/wp-json\/wp\/v2\/posts\/3171\/revisions\/7686"}],"wp:attachment":[{"href":"https:\/\/catolicanet.net\/wp-cnet\/wp-json\/wp\/v2\/media?parent=3171"}],"wp:term":[{"taxonomy":"category","embeddable":true,"href":"https:\/\/catolicanet.net\/wp-cnet\/wp-json\/wp\/v2\/categories?post=3171"},{"taxonomy":"post_tag","embeddable":true,"href":"https:\/\/catolicanet.net\/wp-cnet\/wp-json\/wp\/v2\/tags?post=3171"}],"curies":[{"name":"wp","href":"https:\/\/api.w.org\/{rel}","templated":true}]}}