{"id":3170,"date":"2013-10-21T12:58:50","date_gmt":"2013-10-21T14:58:50","guid":{"rendered":"http:\/\/catolicanet.net\/wp-cnet\/catolicos-do-canada-ajudam-refugiados-sirios\/"},"modified":"2017-03-23T15:04:20","modified_gmt":"2017-03-23T18:04:20","slug":"catolicos-do-canada-ajudam-refugiados-sirios","status":"publish","type":"post","link":"https:\/\/catolicanet.net\/wp-cnet\/catolicos-do-canada-ajudam-refugiados-sirios\/","title":{"rendered":"Cat\u00f3licos do Canad\u00e1 ajudam refugiados s\u00edrios"},"content":{"rendered":"<p style=\"text-align: justify;\"><img decoding=\"async\" src=\"http:\/\/catolicanet.com.br\/images\/stories\/catolicosdocanada.jpg\" border=\"0\" align=\"left\" \/>A Organiza\u00e7\u00e3o Cat\u00f3lica Canadense para o Desenvolvimento e a Paz (Occdp), com o apoio do Minist\u00e9rio das Rela\u00e7\u00f5es Exteriores, do Com\u00e9rcio e do Desenvolvimento, vai fornecer ajuda humanit\u00e1ria de mais de 5 milh\u00f5es de d\u00f3lares para as v\u00edtimas da crise na S\u00edria. A informa\u00e7\u00e3o est\u00e1 contida em um comunicado de imprensa, que tamb\u00e9m anuncia projetos para a Turquia, L\u00edbano e a Jord\u00e2nia atrav\u00e9s de uma coleta de urg\u00eancia organizada em colabora\u00e7\u00e3o com a Confer\u00eancia dos Bispos Cat\u00f3licos do Canad\u00e1 (CECC). At\u00e9 agora, foram recolhidos mais de um milh\u00e3o de d\u00f3lares, mas as doa\u00e7\u00f5es das dioceses canadenses ainda n\u00e3o foram todas recolhidas, e ser\u00e1 a Confer\u00eancia Episcopal a publicar os dados nos pr\u00f3ximos dias.<\/p>\n<p>As ajudas para a S\u00edria servir\u00e3o a fornecer servi\u00e7os de sa\u00fade, de bens prim\u00e1rios para a higiene, abrigo para os refugiados que j\u00e1 n\u00e3o vivem em acampamentos e para as pessoas deslocadas internamente. Desenvolvimento e Paz trabalha ao lado da Caritas e de outras organiza\u00e7\u00f5es s\u00edrias e a id\u00e9ia de apoiar as popula\u00e7\u00f5es atingidas pela crise nasceu do agravar-se da emerg\u00eancia humanit\u00e1ria que hoje registra 2 milh\u00f5es de pessoas que buscaram ref\u00fagio em pa\u00edses vizinhos e mais de 5 milh\u00f5es deslocadas dentro da S\u00edria.<\/p>\n<p>\u201cEm resposta ao apelo do Papa Francisco e dos bispos do Canad\u00e1, os cat\u00f3licos do nosso pa\u00eds se demonstraram generosos ao oferecer a sua ajuda a milhares de pessoas em dificuldade por causa da guerra na S\u00edria\u201d, disse Dom Paul- Andr\u00e9 Durocher, Presidente da CECC e Arcebispo de Gatineau. Michael Casey, Diretor Geral de Desenvolvimento e Paz acrescentou que gra\u00e7as \u00e0 solidariedade dos canadenses ser\u00e3o capazes de oferecer \u00e0s v\u00edtimas da trag\u00e9dia s\u00edria servi\u00e7os essenciais.<\/p>\n<p style=\"text-align: justify;\">\u00a0<\/p>\n<p style=\"text-align: justify;\"><strong>Local: Toronto<br \/>Fonte: R\u00e1dio Vaticano<\/strong><\/p>\n","protected":false},"excerpt":{"rendered":"<p>A Organiza\u00e7\u00e3o Cat\u00f3lica Canadense para o Desenvolvimento e a Paz (Occdp), com o apoio do Minist\u00e9rio das Rela\u00e7\u00f5es Exteriores, do Com\u00e9rcio e do Desenvolvimento, vai fornecer ajuda humanit\u00e1ria de mais de 5 milh\u00f5es de d\u00f3lares para as v\u00edtimas da crise na S\u00edria. A informa\u00e7\u00e3o est\u00e1 contida em um comunicado de imprensa, que tamb\u00e9m anuncia projetos [&hellip;]<\/p>\n","protected":false},"author":1,"featured_media":0,"comment_status":"closed","ping_status":"closed","sticky":false,"template":"","format":"standard","meta":{"footnotes":""},"categories":[3],"tags":[],"class_list":["post-3170","post","type-post","status-publish","format-standard","hentry","category-vaticano"],"_links":{"self":[{"href":"https:\/\/catolicanet.net\/wp-cnet\/wp-json\/wp\/v2\/posts\/3170","targetHints":{"allow":["GET"]}}],"collection":[{"href":"https:\/\/catolicanet.net\/wp-cnet\/wp-json\/wp\/v2\/posts"}],"about":[{"href":"https:\/\/catolicanet.net\/wp-cnet\/wp-json\/wp\/v2\/types\/post"}],"author":[{"embeddable":true,"href":"https:\/\/catolicanet.net\/wp-cnet\/wp-json\/wp\/v2\/users\/1"}],"replies":[{"embeddable":true,"href":"https:\/\/catolicanet.net\/wp-cnet\/wp-json\/wp\/v2\/comments?post=3170"}],"version-history":[{"count":1,"href":"https:\/\/catolicanet.net\/wp-cnet\/wp-json\/wp\/v2\/posts\/3170\/revisions"}],"predecessor-version":[{"id":7687,"href":"https:\/\/catolicanet.net\/wp-cnet\/wp-json\/wp\/v2\/posts\/3170\/revisions\/7687"}],"wp:attachment":[{"href":"https:\/\/catolicanet.net\/wp-cnet\/wp-json\/wp\/v2\/media?parent=3170"}],"wp:term":[{"taxonomy":"category","embeddable":true,"href":"https:\/\/catolicanet.net\/wp-cnet\/wp-json\/wp\/v2\/categories?post=3170"},{"taxonomy":"post_tag","embeddable":true,"href":"https:\/\/catolicanet.net\/wp-cnet\/wp-json\/wp\/v2\/tags?post=3170"}],"curies":[{"name":"wp","href":"https:\/\/api.w.org\/{rel}","templated":true}]}}