{"id":31588,"date":"2017-06-08T09:36:22","date_gmt":"2017-06-08T12:36:22","guid":{"rendered":"http:\/\/catolicanet.net\/wp-cnet\/?p=31588"},"modified":"2017-06-13T16:01:07","modified_gmt":"2017-06-13T19:01:07","slug":"brasil-sediara-i-congresso-continental-da-misericordia","status":"publish","type":"post","link":"https:\/\/catolicanet.net\/wp-cnet\/brasil-sediara-i-congresso-continental-da-misericordia\/","title":{"rendered":"Brasil sediar\u00e1 I Congresso Continental da Miseric\u00f3rdia"},"content":{"rendered":"<p style=\"text-align: justify;\">Cidade do Vaticano (RV) &#8211;\u00a0 O Brasil ser\u00e1 o pa\u00eds-sede do I Congresso Continental da Miseric\u00f3rdia, a ter lugar em Aparecida, de 22 a 25 de junho, com o tema &#8220;Sua miseric\u00f3rdia se estende de gera\u00e7\u00e3o em gera\u00e7\u00e3o, sobre aqueles que o temem&#8221;.<\/p>\n<p>Organizado em parceria com o Pontif\u00edcio Conselho para a Promo\u00e7\u00e3o da Nova Evangeliza\u00e7\u00e3o &#8211; dirigido pelo Arcebispo Rino Fisichella &#8211; o\u00a0 objetivo do encontro \u00e9 pensar a identidade da Igreja como Igreja de Miseric\u00f3rdia.<\/p>\n<p>Quem nos fala sobre como surgiu a ideia desta iniciativa e como o Congresso ir\u00e1 se desenvolver, \u00e9 Iza\u00edas de Souza Carneiro, fundador da Comunidade Cora\u00e7\u00e3o Novo (sediada no Rio de Janeiro) e que visitou a nossa emissora:<\/p>\n<p style=\"text-align: justify;\"><a href=\"http:\/\/media02.radiovaticana.va\/audio\/audio2\/mp3\/00584741.mp3\">Clique aqui para ouvir:<\/a><\/p>\n<p style=\"text-align: justify;\">&#8220;No ano passado o Papa convocou o Ano da Miseric\u00f3rdia. Mas uma grande preocupa\u00e7\u00e3o de toda a Igreja e tamb\u00e9m do Papa, \u00e9 que o Ano da Miseric\u00f3rdia n\u00e3o encerrasse na Festa de Cristo Rei, quando se fecharam as Portas da Miseric\u00f3rdia. Fecharam-se as Portas simb\u00f3licas, mas n\u00e3o se fecham nunca portas da miseric\u00f3rdia.<\/p>\n<p>Por isto mesmo n\u00f3s estamos empreendendo no Brasil, junto com o dicast\u00e9rio para a Nova Evangeliza\u00e7\u00e3o &#8211; presidido pelo Monsenhor Rino Fisichella &#8211; o Congresso continental da Miseric\u00f3rdia, que \u00e9 o primeiro, o primeiro Congresso continental da Miseric\u00f3rdia.<\/p>\n<p>Este Congresso, ele \u00e9 fruto dos Congressos Mundiais da Miseric\u00f3rdia. Em 2008 iniciaram-se os Congressos Mundiais da Miseric\u00f3rdia, que foi um pedido do Papa Bento XVI a um grupo de 17 Cardeais, entre eles, o Cardeal Christoph Sch\u00f6nborn, de Viena, \u00c1ustria, para que a cultura da miseric\u00f3rdia, para que uma reflex\u00e3o s\u00e9ria a respeito da identidade da Igreja como Igreja de miseric\u00f3rdia, pudesse come\u00e7ar a ser feita, a partir da pessoa de Jo\u00e3o Paulo II e de Santa Faustina.<\/p>\n<p>Por\u00e9m, o Congresso da Miseric\u00f3rdia, o congresso mundial\u00a0 &#8211; e eu estive no primeiro como delegado da CNBB, junto com o Padre Marcial Ma\u00e7aneiro do Brasil, Padre dehoniano, na \u00e9poca estivemos eu e minha esposa junto com ele &#8211; e o Congresso da Miseric\u00f3rdia est\u00e1 bem longe de ser um Congresso apenas para divulgar a devo\u00e7\u00e3o \u00e0 Divina Miseric\u00f3rdia, mas \u00e9 um Congresso para pensar a identidade da Igreja como Igreja de Miseric\u00f3rdia.<\/p>\n<p>Ent\u00e3o, a partir de 2008, v\u00e1rios outros Congressos Mundiais acontece em &#8211; o \u00faltimo por sinal foi agora em janeiro, aconteceu nas Filipinas e no ano de 2014 acontece o pen\u00faltimo Congresso Mundial em Bogot\u00e1, na Col\u00f4mbia.<\/p>\n<p>Naquela oportunidade, nosso Arcebispo do Rio, Dom Orani, leva uma carta de Dom Damasceno, pedindo para que o Brasil pudesse sediar um desses Congressos Mundiais. E a resposta foi, que j\u00e1 que n\u00f3s t\u00ednhamos os pr\u00f3ximos Congressos Mundiais agendados e o Brasil \u00e9 um pa\u00eds estrat\u00e9gico do ponto de vista crist\u00e3o para todo o continente, ent\u00e3o que o Brasil poderia sediar o primeiro Congresso continental.<\/p>\n<p>Foi nomeado o Padre Jo\u00e3o Supinski como Secret\u00e1rio\u00a0 Geral, eu fui nomeado como Secret\u00e1rio Executivo do Congresso e n\u00f3s estamos ent\u00e3o preparando este Congresso que vai acontecer entre os dias 22 e 25 de junho pr\u00f3ximo, na cidade de Aparecida, e vai contar com a presen\u00e7a do Cardeal Orani, Cardeal Damasceno, Cardeal S\u00e9rgio da Rocha, Cardeal Odilo Scherer, Padre Eduardo Dougherty, Padre Zezinho estar\u00e1 junto conosco como um dos conferencistas.<\/p>\n<p>Ali\u00e1s, \u00e9 muito bonito ver isto, voc\u00ea vai ter Padre Zezinho que vai falar sobre o rosto da miseric\u00f3rdia, Jesus, o rosto da miseric\u00f3rdia, mas voc\u00ea vai ter tamb\u00e9m a irm\u00e3 Lina Boff, que vai falar sobre Maria, a M\u00e3e da Miseric\u00f3rdia.<\/p>\n<p>O contexto teol\u00f3gico da do Congresso, o vi\u00e9s teol\u00f3gico do Congresso quem prepara \u00e9 o Padre Jo\u00e3o Carlos Almeida, o Padre Jo\u00e3ozinho, tamb\u00e9m dehoniano. A linha teol\u00f3gica do Congresso \u00e9 a Trindade. Ent\u00e3o, em nome do Pai, do Filho e do Esp\u00edrito Santo, com a intercess\u00e3o de Maria.<\/p>\n<p>Primeira confer\u00eancia: o Pai das Miseric\u00f3rdias; segunda Confer\u00eancia: Jesus, o rosto da Miseric\u00f3rdia; terceira confer\u00eancia, Padre Wagner Ferreira da Can\u00e7\u00e3o Nova: Esp\u00edrito Santo, Efus\u00e3o da Miseric\u00f3rdia; depois a Irm\u00e3 Lina Boff, Maria, M\u00e3e da Miseric\u00f3rdia,. Entremeado com testemunhos, de sacerdotes, de leigos, de pessoas recuperadas por obras de miseric\u00f3rdia &#8211; no Brasil n\u00f3s temos muitas.<\/p>\n<p>N\u00f3s vamos ent\u00e3o realizar este Congresso em Aparecida e as inscri\u00e7\u00f5es devem sempre ser feitas pelo site.<\/p>\n<p>\u00c9 um Congresso aberto para todo o povo. Mas o foco principal s\u00e3o formadores de opini\u00e3o, porque n\u00f3s queremos disseminar, atrav\u00e9s do Congresso, uma cultura de miseric\u00f3rdia. Esta cultura da miseric\u00f3rdia da qual nos fala o Papa Francisco. E da\u00ed tamb\u00e9m o tema do Congresso vai falar disto. N\u00f3s escolhemos como tema, por ser no Brasil um ano mariano, n\u00f3s escolhemos como tema do Congresso\u00a0 Lucas 1, 50, que \u00e9 o C\u00e2ntico de Maria: &#8220;Sua miseric\u00f3rdia se estende de gera\u00e7\u00e3o em gera\u00e7\u00e3o, sobre aqueles que o temem&#8221;. Com este tema n\u00f3s conseguimos abrir de novo as portas da miseric\u00f3rdia e para al\u00e9m do Ano Santo&#8221;.<\/p>\n<p>As inscri\u00e7\u00f5es e maiores informa\u00e7\u00f5es sobre o Congresso podem ser obtidas no site www.accom2017.org.<\/p>\n<p>Fonte: R\u00e1dio Vaticano<\/p>\n","protected":false},"excerpt":{"rendered":"<p>Cidade do Vaticano (RV) &#8211;\u00a0 O Brasil ser\u00e1 o pa\u00eds-sede do I Congresso Continental da Miseric\u00f3rdia, a ter lugar em Aparecida, de 22 a 25 de junho, com o tema &#8220;Sua miseric\u00f3rdia se estende de gera\u00e7\u00e3o em gera\u00e7\u00e3o, sobre aqueles que o temem&#8221;. Organizado em parceria com o Pontif\u00edcio Conselho para a Promo\u00e7\u00e3o da Nova [&hellip;]<\/p>\n","protected":false},"author":1,"featured_media":31589,"comment_status":"open","ping_status":"open","sticky":false,"template":"","format":"standard","meta":{"footnotes":""},"categories":[3],"tags":[],"class_list":["post-31588","post","type-post","status-publish","format-standard","has-post-thumbnail","hentry","category-vaticano"],"_links":{"self":[{"href":"https:\/\/catolicanet.net\/wp-cnet\/wp-json\/wp\/v2\/posts\/31588","targetHints":{"allow":["GET"]}}],"collection":[{"href":"https:\/\/catolicanet.net\/wp-cnet\/wp-json\/wp\/v2\/posts"}],"about":[{"href":"https:\/\/catolicanet.net\/wp-cnet\/wp-json\/wp\/v2\/types\/post"}],"author":[{"embeddable":true,"href":"https:\/\/catolicanet.net\/wp-cnet\/wp-json\/wp\/v2\/users\/1"}],"replies":[{"embeddable":true,"href":"https:\/\/catolicanet.net\/wp-cnet\/wp-json\/wp\/v2\/comments?post=31588"}],"version-history":[{"count":1,"href":"https:\/\/catolicanet.net\/wp-cnet\/wp-json\/wp\/v2\/posts\/31588\/revisions"}],"predecessor-version":[{"id":31590,"href":"https:\/\/catolicanet.net\/wp-cnet\/wp-json\/wp\/v2\/posts\/31588\/revisions\/31590"}],"wp:featuredmedia":[{"embeddable":true,"href":"https:\/\/catolicanet.net\/wp-cnet\/wp-json\/wp\/v2\/media\/31589"}],"wp:attachment":[{"href":"https:\/\/catolicanet.net\/wp-cnet\/wp-json\/wp\/v2\/media?parent=31588"}],"wp:term":[{"taxonomy":"category","embeddable":true,"href":"https:\/\/catolicanet.net\/wp-cnet\/wp-json\/wp\/v2\/categories?post=31588"},{"taxonomy":"post_tag","embeddable":true,"href":"https:\/\/catolicanet.net\/wp-cnet\/wp-json\/wp\/v2\/tags?post=31588"}],"curies":[{"name":"wp","href":"https:\/\/api.w.org\/{rel}","templated":true}]}}