{"id":31566,"date":"2017-06-08T12:00:49","date_gmt":"2017-06-08T15:00:49","guid":{"rendered":"http:\/\/catolicanet.net\/wp-cnet\/?p=31566"},"modified":"2017-06-13T15:16:57","modified_gmt":"2017-06-13T18:16:57","slug":"por-que-wim-wenders-resolveu-fazer-um-filme-sobre-o-papa-francisco","status":"publish","type":"post","link":"https:\/\/catolicanet.net\/wp-cnet\/por-que-wim-wenders-resolveu-fazer-um-filme-sobre-o-papa-francisco\/","title":{"rendered":"Por que Wim Wenders resolveu fazer um filme sobre o Papa Francisco?"},"content":{"rendered":"<p style=\"text-align: justify;\">Quem responde \u00e9 o pr\u00f3prio autor de \u201cAsas do Desejo\u201d e presidente da Academia Europeia de Cinema<\/p>\n<p>Por que um dos maiores diretores do cinema contempor\u00e2neo decidiu fazer um filme sobre o Papa Francisco? Wim Wenders, diretor de \u201cAsas do Desejo\u201d e presidente da Academia Europeia de Cinema, quis \u2013 ele mesmo- responder a esta pergunta.<\/p>\n<p>O impacto de Wenders na vida de milh\u00f5es de pessoas \u00e9 surpreendente. Basta pensar, por exemplo, na influ\u00eancia de filmes intimistas, como \u201cParis, Texas\u201d (1984) e \u201cT\u00e3o longe, t\u00e3o perto\u201d (1993) e em document\u00e1rios como o \u201cBuena Vista Social Club\u201d.<\/p>\n<p>Para compreender esse impacto, inclusive sobre as novas gera\u00e7\u00f5es, basta pensar que \u201cNada\u201d, a \u00faltima m\u00fasica de Shakira, uma das cantoras mais ouvidas no planeta, come\u00e7a fazendo uma homenagem ao filme de Wenders, \u201cAsas do Desejo\u201d, uma produ\u00e7\u00e3o que j\u00e1 tem 30 anos.<\/p>\n<p>Como pode, ent\u00e3o, um diretor que tem os mais altos pr\u00eamios dos festivais de Cannes, Veneza e da Academia Brit\u00e2nica, ter resolvido rodar um filme sobre Jorge Mario Bergoglio?<\/p>\n<p>A ideia do filme, baseada em horas de filmagem com o Papa, segundo confirmou \u00e0 Aleteia o pr\u00f3prio Wenders, foi do monsenhor Dario Vigan\u00f2, o sacerdote a quem o Papa Francisco confiou o desafio de reformar e unificar a comunica\u00e7\u00e3o da Santa S\u00e9.<\/p>\n<p>Dias atr\u00e1s, o diretor nos explicou: \u201cEu nunca tinha pensado em fazer um filme sobre o Papa Francisco. Ele n\u00e3o precisa. N\u00e3o precisamos de uma biografia deste homem. Entretanto, as palavras dele despertam interesse e t\u00eam muita import\u00e2ncia. Desde o in\u00edcio do seu pontificado, suas as palavras t\u00eam feito diferen\u00e7a. \u00c9 algu\u00e9m que muitas pessoas ouvem e ouvem de uma maneira diferente. As palavras dele importam, \u00e9 um homem de palavra\u201d.<\/p>\n<p>Wenders explicou, num encontro com a imprensa organizado pela Diaconia da Beleza, em Cannes, que, quando o monsenhor Vigan\u00f2 \u2013 titular da Secretaria de Comunica\u00e7\u00e3o da Santa S\u00e9 \u2013 prop\u00f4s a ideia de fazer o filme, os dois discutiram durante muito tempo.<\/p>\n<p>No final, decidi rodar um filme focado nas palavras dele. Por este motivo, chama-se \u2018A man of his word\u2019. Estamos no processo de produ\u00e7\u00e3o, de maneira que eu n\u00e3o posso dizer muita coisa. N\u00e3o \u00e9 o filme que desperta interesse; s\u00e3o as palavras do papa que importam. O filme mostra o motivo pelo qual a palavra dele \u00e9 importante hoje, em um mundo em que muitos dizem um monte de porcaria\u201d.<\/p>\n<p>O filme ser\u00e1 distribu\u00eddo internacionalmente pela Focus Features, que faz parte do grupo NBC Universal, e, por enquanto, n\u00e3o foi anunciado quando ser\u00e1 apresentado ao p\u00fablico.<\/p>\n<p>Como fazer um filme de sucesso?<\/p>\n<p>Nesta fase de produ\u00e7\u00e3o, falando de algu\u00e9m como Wenders, surge, irremediavelmente, a pergunta: qual \u00e9 o segredo para fazer um filme de sucesso?<\/p>\n<p>\u201cPosso falar como cineasta e como espectador\u201d \u2013 responde. \u201cComo cineasta, posso dizer que voc\u00ea n\u00e3o consegue saber se o filme vai, verdadeiramente, ser um sucesso. Com muita frequ\u00eancia, voc\u00ea vai assistir a um filme que \u00e9 sucesso de bilheteria, mas sai do cinema sem que a obra tenha sido importante para voc\u00ea. Em outras ocasi\u00f5es, voc\u00ea assiste a filmes que nem sabe do que trata e sai da sala com a sensa\u00e7\u00e3o de que ele significou muito para sua vida. Em outras palavras: n\u00e3o \u00e9 poss\u00edvel planejar o sucesso de um filme.\u201d<\/p>\n<p>\u201cEntretanto, algumas vezes acontece algo milagroso: um filme que significa muito para o diretor acaba sendo amado pelo cora\u00e7\u00e3o das pessoas e, nesse momento, parece que o filme foi algo que fizemos juntos \u2013 o p\u00fablico e o diretor. Juntos, sentimos as mesmas coisas\u201d.<\/p>\n<p>\u201cCreio que a \u00fanica coisa que importa \u00e9 essa milagrosa uni\u00e3o de busca da felicidade e do sentido. Tocar no cora\u00e7\u00e3o da audi\u00eancia, que precisava daquilo naquele momento. E, felizmente, isso \u00e9 algo imposs\u00edvel de planejar. Digo \u2018felizmente\u2019, pois, ao contr\u00e1rio, a ind\u00fastria somente produziria filmes de sucesso\u201d, comenta Wenders, arrancando risadas das pessoas que estavam ouvindo.<\/p>\n<p>\u201cUm filme de sucesso \u00e9 um pequeno milagre. Somente pode-se dizer que o filme \u00e9 um sucesso se ele ajudar as pessoas a viver melhor, a compreender melhor como viver. Isso se transformou em uma quest\u00e3o complexa nos nossos dias. Quando voc\u00ea assiste a um filme que tem um significado para voc\u00ea, voc\u00ea sai com o sentimento de que entendeu melhor a vida e passa a v\u00ea-la com outros olhos. Talvez s\u00f3 dure uma hora ou, talvez, este sentimento acompanhe voc\u00ea para sempre. Felizmente, n\u00e3o d\u00e1 para prever. Eu tentei planejar filmes de sucesso. \u00c0s vezes, consegui. Fiz filmes que eu achei que atrairiam muitas cr\u00edticas, mas foram sucesso. N\u00e3o d\u00e1 para programar isso\u201d.<\/p>\n<p>A voca\u00e7\u00e3o do diretor de cinema<\/p>\n<p>Wenders concebe a voca\u00e7\u00e3o do diretor de cinema com estas palavras: \u201cquando algu\u00e9m faz um filme, o que est\u00e1 fazendo \u00e9 compreender o que se esconde atr\u00e1s das imagens, atr\u00e1s da superf\u00edcie. \u00c9 necess\u00e1rio escavar a superf\u00edcie para saber o que tem por baixo dela\u201d.<\/p>\n<p>\u201cUma das fun\u00e7\u00f5es do cinema \u00e9 ver o que est\u00e1 por tr\u00e1s. Nem sempre \u00e9 poss\u00edvel, e nem \u00e9 preciso fazer isso sempre. Mas, \u00e0s vezes, o cinema pode fazer o que expressa esta linda palavra \u2018transcender\u2019. \u2018Transcender\u2019 a vida, a realidade, a beleza, a viol\u00eancia, tudo isso\u2026 e mostrarmos o que tem por tr\u00e1s disso. N\u00e3o podemos ficar na superf\u00edcie, bela ou cruel, da imagem\u201d.<\/p>\n","protected":false},"excerpt":{"rendered":"<p>Quem responde \u00e9 o pr\u00f3prio autor de \u201cAsas do Desejo\u201d e presidente da Academia Europeia de Cinema Por que um dos maiores diretores do cinema contempor\u00e2neo decidiu fazer um filme sobre o Papa Francisco? Wim Wenders, diretor de \u201cAsas do Desejo\u201d e presidente da Academia Europeia de Cinema, quis \u2013 ele mesmo- responder a esta [&hellip;]<\/p>\n","protected":false},"author":1,"featured_media":31567,"comment_status":"open","ping_status":"open","sticky":false,"template":"","format":"standard","meta":{"footnotes":""},"categories":[4],"tags":[],"class_list":["post-31566","post","type-post","status-publish","format-standard","has-post-thumbnail","hentry","category-cotidiano"],"_links":{"self":[{"href":"https:\/\/catolicanet.net\/wp-cnet\/wp-json\/wp\/v2\/posts\/31566","targetHints":{"allow":["GET"]}}],"collection":[{"href":"https:\/\/catolicanet.net\/wp-cnet\/wp-json\/wp\/v2\/posts"}],"about":[{"href":"https:\/\/catolicanet.net\/wp-cnet\/wp-json\/wp\/v2\/types\/post"}],"author":[{"embeddable":true,"href":"https:\/\/catolicanet.net\/wp-cnet\/wp-json\/wp\/v2\/users\/1"}],"replies":[{"embeddable":true,"href":"https:\/\/catolicanet.net\/wp-cnet\/wp-json\/wp\/v2\/comments?post=31566"}],"version-history":[{"count":2,"href":"https:\/\/catolicanet.net\/wp-cnet\/wp-json\/wp\/v2\/posts\/31566\/revisions"}],"predecessor-version":[{"id":31569,"href":"https:\/\/catolicanet.net\/wp-cnet\/wp-json\/wp\/v2\/posts\/31566\/revisions\/31569"}],"wp:featuredmedia":[{"embeddable":true,"href":"https:\/\/catolicanet.net\/wp-cnet\/wp-json\/wp\/v2\/media\/31567"}],"wp:attachment":[{"href":"https:\/\/catolicanet.net\/wp-cnet\/wp-json\/wp\/v2\/media?parent=31566"}],"wp:term":[{"taxonomy":"category","embeddable":true,"href":"https:\/\/catolicanet.net\/wp-cnet\/wp-json\/wp\/v2\/categories?post=31566"},{"taxonomy":"post_tag","embeddable":true,"href":"https:\/\/catolicanet.net\/wp-cnet\/wp-json\/wp\/v2\/tags?post=31566"}],"curies":[{"name":"wp","href":"https:\/\/api.w.org\/{rel}","templated":true}]}}