{"id":31537,"date":"2017-06-09T09:26:19","date_gmt":"2017-06-09T12:26:19","guid":{"rendered":"http:\/\/catolicanet.net\/wp-cnet\/?p=31537"},"modified":"2017-06-13T14:31:42","modified_gmt":"2017-06-13T17:31:42","slug":"palavras-do-papa-francisco-sobre-a-festa-liturgica-do-domingo-santissima-trindade","status":"publish","type":"post","link":"https:\/\/catolicanet.net\/wp-cnet\/palavras-do-papa-francisco-sobre-a-festa-liturgica-do-domingo-santissima-trindade\/","title":{"rendered":"Palavras do Papa Francisco sobre a Festa lit\u00fargica do domingo: Sant\u00edssima Trindade"},"content":{"rendered":"<p style=\"text-align: justify;\">Antes da Ora\u00e7\u00e3o do Angelus, no domingo da Festa da Sant\u00edssima Trindade do ano passado, o Papa Francisco lembrou: \u201cHoje, festa da Sant\u00edssima Trindade, o Evangelho de s\u00e3o Jo\u00e3o apresenta-nos um trecho do longo discurso de despedida, pronunciado por Jesus pouco antes da sua paix\u00e3o. Neste discurso Ele explica aos disc\u00edpulos as verdades mais profundas que lhe dizem respeito; deste modo \u00e9 tra\u00e7ada a rela\u00e7\u00e3o entre Jesus, o Pai e o Esp\u00edrito. Jesus sabe que est\u00e1 pr\u00f3ximo da realiza\u00e7\u00e3o do des\u00edgnio do Pai, que se cumprir\u00e1 com a sua morte e ressurrei\u00e7\u00e3o; por isso deseja garantir aos seus que n\u00e3o os abandonar\u00e1, porque a sua miss\u00e3o ser\u00e1 dilatada pelo Esp\u00edrito Santo. Haver\u00e1 o Esp\u00edrito que prolongar\u00e1 a miss\u00e3o de Jesus, ou seja, que guiar\u00e1 a Igreja\u201d.<\/p>\n<p>Papa Francisco afirmou ainda que a solenidade lit\u00fargica que se celebra neste domingo, 11 de junho, nos leva a refletir que \u201co mist\u00e9rio da Trindade nos fala hoje novamente da nossa rela\u00e7\u00e3o com o Pai, o Filho e o Esp\u00edrito Santo. Com efeito, mediante o Batismo, o Esp\u00edrito Santo inseriu-nos no cora\u00e7\u00e3o e na pr\u00f3pria vida de Deus, que \u00e9 comunh\u00e3o de amor. Deus \u00e9 uma \u2018fam\u00edlia\u2019 de tr\u00eas Pessoas que se amam tanto a ponto de formar uma s\u00f3. Esta \u2018fam\u00edlia divina\u2019 n\u00e3o est\u00e1 fechada em si mesma, mas est\u00e1 aberta, comunica-se na cria\u00e7\u00e3o e na hist\u00f3ria e entrou no mundo dos homens para chamar todos a fazer parte dele. O horizonte trinit\u00e1rio de comunh\u00e3o envolve-nos todos e estimula-nos a viver no amor e na partilha fraterna, na certeza de que onde h\u00e1 amor, h\u00e1 Deus\u201d.<\/p>\n<p>\u201cO nosso ser criados \u00e0 imagem e semelhan\u00e7a de Deus-comunh\u00e3o\u201d, esclarece o Papa, \u201cchama-nos a compreender a n\u00f3s mesmos como seres-em-rela\u00e7\u00e3o e a viver as rela\u00e7\u00f5es interpessoais na solidariedade e no amor rec\u00edproco. Tais rela\u00e7\u00f5es realizam-se, antes de tudo, no \u00e2mbito das nossas comunidades eclesiais, para que seja cada vez mais evidente a imagem da nossa Igreja \u00edcone da Trindade. Mas realizam-se em qualquer outra rela\u00e7\u00e3o social, da fam\u00edlia \u00e0s amizades e ao ambiente de trabalho: trata-se de ocasi\u00f5es concretas que nos s\u00e3o oferecidas para construir rela\u00e7\u00f5es cada vez mais ricas humanamente, capazes de respeito rec\u00edproco e de amor abnegado\u201d.<\/p>\n<p>Papa Francisco concluiu sua refer\u00eancia \u00e0 Festa da Sant\u00edssima Trindade da seguinte maneira: \u201cA festa da Sant\u00edssima Trindade convida-nos a comprometer-nos nos acontecimentos di\u00e1rios para ser fermento de comunh\u00e3o, de consola\u00e7\u00e3o e de miseric\u00f3rdia. Nesta miss\u00e3o, somos amparados pela for\u00e7a que o Esp\u00edrito Santo nos concede: ela cura a carne da humanidade ferida pela injusti\u00e7a, pela vexa\u00e7\u00e3o, pelo \u00f3dio e pela avidez. A Virgem Maria, na sua humildade, aceitou a vontade do Pai e concebeu o Filho por obra do Esp\u00edrito Santo. Que Ela, espelho da Trindade, nos ajude a fortalecer a nossa f\u00e9 no Mist\u00e9rio trinit\u00e1rio e a encarn\u00e1-la com op\u00e7\u00f5es e atitudes de amor e de unidade\u201d.<\/p>\n<p style=\"text-align: justify;\">Fonte: CNBB<\/p>\n","protected":false},"excerpt":{"rendered":"<p>Antes da Ora\u00e7\u00e3o do Angelus, no domingo da Festa da Sant\u00edssima Trindade do ano passado, o Papa Francisco lembrou: \u201cHoje, festa da Sant\u00edssima Trindade, o Evangelho de s\u00e3o Jo\u00e3o apresenta-nos um trecho do longo discurso de despedida, pronunciado por Jesus pouco antes da sua paix\u00e3o. Neste discurso Ele explica aos disc\u00edpulos as verdades mais profundas [&hellip;]<\/p>\n","protected":false},"author":1,"featured_media":31538,"comment_status":"open","ping_status":"open","sticky":false,"template":"","format":"standard","meta":{"footnotes":""},"categories":[7],"tags":[],"class_list":["post-31537","post","type-post","status-publish","format-standard","has-post-thumbnail","hentry","category-cnbb"],"_links":{"self":[{"href":"https:\/\/catolicanet.net\/wp-cnet\/wp-json\/wp\/v2\/posts\/31537","targetHints":{"allow":["GET"]}}],"collection":[{"href":"https:\/\/catolicanet.net\/wp-cnet\/wp-json\/wp\/v2\/posts"}],"about":[{"href":"https:\/\/catolicanet.net\/wp-cnet\/wp-json\/wp\/v2\/types\/post"}],"author":[{"embeddable":true,"href":"https:\/\/catolicanet.net\/wp-cnet\/wp-json\/wp\/v2\/users\/1"}],"replies":[{"embeddable":true,"href":"https:\/\/catolicanet.net\/wp-cnet\/wp-json\/wp\/v2\/comments?post=31537"}],"version-history":[{"count":1,"href":"https:\/\/catolicanet.net\/wp-cnet\/wp-json\/wp\/v2\/posts\/31537\/revisions"}],"predecessor-version":[{"id":31539,"href":"https:\/\/catolicanet.net\/wp-cnet\/wp-json\/wp\/v2\/posts\/31537\/revisions\/31539"}],"wp:featuredmedia":[{"embeddable":true,"href":"https:\/\/catolicanet.net\/wp-cnet\/wp-json\/wp\/v2\/media\/31538"}],"wp:attachment":[{"href":"https:\/\/catolicanet.net\/wp-cnet\/wp-json\/wp\/v2\/media?parent=31537"}],"wp:term":[{"taxonomy":"category","embeddable":true,"href":"https:\/\/catolicanet.net\/wp-cnet\/wp-json\/wp\/v2\/categories?post=31537"},{"taxonomy":"post_tag","embeddable":true,"href":"https:\/\/catolicanet.net\/wp-cnet\/wp-json\/wp\/v2\/tags?post=31537"}],"curies":[{"name":"wp","href":"https:\/\/api.w.org\/{rel}","templated":true}]}}