{"id":3150,"date":"2013-10-18T13:38:47","date_gmt":"2013-10-18T16:38:47","guid":{"rendered":"http:\/\/catolicanet.net\/wp-cnet\/hungria-neste-sabado-a-beatificacao-do-martir-istvan-sandor\/"},"modified":"2017-03-23T15:21:18","modified_gmt":"2017-03-23T18:21:18","slug":"hungria-neste-sabado-a-beatificacao-do-martir-istvan-sandor","status":"publish","type":"post","link":"https:\/\/catolicanet.net\/wp-cnet\/hungria-neste-sabado-a-beatificacao-do-martir-istvan-sandor\/","title":{"rendered":"Hungria: neste s\u00e1bado, a beatifica\u00e7\u00e3o do m\u00e1rtir Istv\u00e1n S\u00e1ndor"},"content":{"rendered":"<p style=\"text-align: justify;\"><img decoding=\"async\" src=\"http:\/\/catolicanet.com.br\/images\/stories\/martiristvansandor.jpg\" border=\"0\" align=\"left\" \/>Istv\u00e1n S\u00e1ndor, dos salesianos de Dom Bosco, assassinado por ordem do regime comunista h\u00fangaro em 1953, ser\u00e1 beatificado neste dia 19 de outubro em Budapeste, capital da Hungria. O rito de beatifica\u00e7\u00e3o ser\u00e1 presidido pelo Cardeal Angelo Amato, Prefeito da Congrega\u00e7\u00e3o das Causas dos Santos. A missa, que ser\u00e1 celebrada diante da bas\u00edlica de Santo Estev\u00e3o pelo Cardeal P\u00e9ter Erd\u00f6, Arcebispo de Budapeste-Esztergom, e contar\u00e1 com a participa\u00e7\u00e3o de representantes das autoridades do Estado e quase todos os Bispos do Pa\u00eds.<\/p>\n<p>Visto que o lugar exato em que foi sepultado o corpo do m\u00e1rtir continua desconhecido, suas cartas e os desenhos em quadrinhos que mandou a seus pais ser\u00e3o simbolicamente utilizados no lugar das rel\u00edquias durante a cerim\u00f4nia.<\/p>\n<p>Os comunistas na Hungria expulsaram todas as ordens religiosas, inclusive os salesianos, com um decreto em 1950. S\u00e1ndor continuou a realizar sua atividade religiosa na \u00e1rea da pastoral juvenil ilegalmente. Conhecidas suas atividades, as autoridades come\u00e7aram a segui-lo sem que percebesse. Os salesianos perceberam a manobra e ent\u00e3o conseguiram que ele sa\u00edsse do Pa\u00eds com um passaporte falso. Mas ele decidiu voltar e aceitou enfrentar o mart\u00edrio do que abandonar seus estudantes.<\/p>\n<p>Durante algum tempo continuou vivendo com identidade falsa, mas depois foi preso e condenado \u00e0 morte em julho de 1952 e sepultado num lugar desconhecido at\u00e9 hoje.<\/p>\n<p style=\"text-align: justify;\">\u00a0<\/p>\n<p style=\"text-align: justify;\"><strong>Local: Budapeste<br \/>Fonte: R\u00e1dio Vaticano<\/strong><\/p>\n","protected":false},"excerpt":{"rendered":"<p>Istv\u00e1n S\u00e1ndor, dos salesianos de Dom Bosco, assassinado por ordem do regime comunista h\u00fangaro em 1953, ser\u00e1 beatificado neste dia 19 de outubro em Budapeste, capital da Hungria. O rito de beatifica\u00e7\u00e3o ser\u00e1 presidido pelo Cardeal Angelo Amato, Prefeito da Congrega\u00e7\u00e3o das Causas dos Santos. A missa, que ser\u00e1 celebrada diante da bas\u00edlica de Santo [&hellip;]<\/p>\n","protected":false},"author":1,"featured_media":0,"comment_status":"closed","ping_status":"closed","sticky":false,"template":"","format":"standard","meta":{"footnotes":""},"categories":[3],"tags":[],"class_list":["post-3150","post","type-post","status-publish","format-standard","hentry","category-vaticano"],"_links":{"self":[{"href":"https:\/\/catolicanet.net\/wp-cnet\/wp-json\/wp\/v2\/posts\/3150","targetHints":{"allow":["GET"]}}],"collection":[{"href":"https:\/\/catolicanet.net\/wp-cnet\/wp-json\/wp\/v2\/posts"}],"about":[{"href":"https:\/\/catolicanet.net\/wp-cnet\/wp-json\/wp\/v2\/types\/post"}],"author":[{"embeddable":true,"href":"https:\/\/catolicanet.net\/wp-cnet\/wp-json\/wp\/v2\/users\/1"}],"replies":[{"embeddable":true,"href":"https:\/\/catolicanet.net\/wp-cnet\/wp-json\/wp\/v2\/comments?post=3150"}],"version-history":[{"count":1,"href":"https:\/\/catolicanet.net\/wp-cnet\/wp-json\/wp\/v2\/posts\/3150\/revisions"}],"predecessor-version":[{"id":7704,"href":"https:\/\/catolicanet.net\/wp-cnet\/wp-json\/wp\/v2\/posts\/3150\/revisions\/7704"}],"wp:attachment":[{"href":"https:\/\/catolicanet.net\/wp-cnet\/wp-json\/wp\/v2\/media?parent=3150"}],"wp:term":[{"taxonomy":"category","embeddable":true,"href":"https:\/\/catolicanet.net\/wp-cnet\/wp-json\/wp\/v2\/categories?post=3150"},{"taxonomy":"post_tag","embeddable":true,"href":"https:\/\/catolicanet.net\/wp-cnet\/wp-json\/wp\/v2\/tags?post=3150"}],"curies":[{"name":"wp","href":"https:\/\/api.w.org\/{rel}","templated":true}]}}