{"id":31497,"date":"2017-06-09T14:30:55","date_gmt":"2017-06-09T17:30:55","guid":{"rendered":"http:\/\/catolicanet.net\/wp-cnet\/?p=31497"},"modified":"2017-06-13T13:31:53","modified_gmt":"2017-06-13T16:31:53","slug":"igrejatrabalho-a-pessoa-humana-esta-sempre-acima-do-capital-tecnologia-e-ciencia-arcebispo-de-evora","status":"publish","type":"post","link":"https:\/\/catolicanet.net\/wp-cnet\/igrejatrabalho-a-pessoa-humana-esta-sempre-acima-do-capital-tecnologia-e-ciencia-arcebispo-de-evora\/","title":{"rendered":"Igreja\/Trabalho: \u00abA pessoa humana est\u00e1 sempre acima do capital, tecnologia e ci\u00eancia\u00bb &#8211; arcebispo de \u00c9vora"},"content":{"rendered":"<p style=\"text-align: justify;\">Trabalhadores crist\u00e3o refletem sobre a \u00abind\u00fastria 4.0\u00bb no semin\u00e1rio \u00abO Mundo do Trabalho Digital\u00bb<\/p>\n<p>\u00c9vora, 09 jun 2017 (Ecclesia) \u2013 O arcebispo de \u00c9vora disse hoje \u00e0 Ag\u00eancia ECCLESIA no semin\u00e1rio internacional de trabalhadores crist\u00e3os sobre a &#8220;ind\u00fastria 4.0&#8221; que a pessoa humana \u201cest\u00e1 sempre\u201d primeiro do que o &#8220;capital, a tecnologia e a ci\u00eancia&#8221;.<\/p>\n<p>\u201cA Igreja sa\u00fada sempre as novas tecnologias, mas n\u00e3o pode deixar de refletir que acima do capital e da tecnologia e da ci\u00eancia est\u00e1 sempre a pessoa humana e essa n\u00e3o pode ser esquecida\u201d, afirmou D. Jos\u00e9 Alves durante o semin\u00e1rio internacional que decorre entre hoje e este s\u00e1bado em Mora, na Arquidiocese de \u00c9vora.<\/p>\n<p>\u201c\u00c9 preciso preservar a dignidade da pessoa humana\u201d, sublinhou o arcebispo de \u00c9vora em declara\u00e7\u00f5es \u00e0 Ag\u00eancia ECCLESIA.<\/p>\n<p>\u2018O Mundo do Trabalho Digital \u2013 Ind\u00fastria 4.0: O trabalho decente, o desenvolvimento do emprego e a distribui\u00e7\u00e3o dos rendimentos na Sociedade\u2019 \u00e9 o tema da iniciativa promovida pela Liga Oper\u00e1ria Cat\u00f3lica\/Movimento de Trabalhadores Crist\u00e3os, com o apoio do EZA e da Uni\u00e3o Europeia.<\/p>\n<p>O arcebispo de \u00c9vora observou que a quarta revolu\u00e7\u00e3o industrial \u201cest\u00e1 em toda a parte\u201d e vai ser, cada vez mais, \u201cimplementada\u201d trazendo muitas vantagens, inova\u00e7\u00f5es e \u201cmaravilhas da t\u00e9cnica, da tecnologia\u201d mas \u201ctem os seus problemas\u201d.<\/p>\n<p>\u201cA quarta revolu\u00e7\u00e3o industrial vai recorrer mais \u00e0s m\u00e1quinas, \u00e0 tecnologia, do que \u00e0s pessoas. Significa que as pessoas ficam fora do mercado de trabalho, dai que as desigualdades podem surgir, o desemprego, a precariedade\u201d, desenvolveu.<\/p>\n<p>Segundo o bispo diocesano, a \u201cfalta de solidariedade\u201d que \u201c\u00e9 fundamental\u201d para que o mundo n\u00e3o coloque de lado \u201cuma grande faixa da popula\u00e7\u00e3o\u201d e um grupo mais pequeno \u201cse v\u00e1 apropriando de todos os recursos humanos\u201d tamb\u00e9m come\u00e7a a ser uma realidade \u201centre as institui\u00e7\u00f5es, as empresas, governos\u201d.<\/p>\n<p>D. Jos\u00e9 Alves felicita a realiza\u00e7\u00e3o do semin\u00e1rio internacional em Mora e a participa\u00e7\u00e3o dos movimentos de trabalhadores crist\u00e3os \u201cpor se terem debru\u00e7ado\u201d sobre o tema atual para que \u201cpossam prevenir os problemas que se avizinham antes que se tornem dram\u00e1ticos\u201d.<\/p>\n<p>O semin\u00e1rio internacional da Liga Oper\u00e1ria Cat\u00f3lica \/ Movimento de Trabalhadores Crist\u00e3os, em Mora, conta com representantes de movimentos de Espanha (HOAC; ACO), de Fran\u00e7a (ACO), da Alemanha (KAB).<\/p>\n<p>Ralf Taufenbach, da KAB, real\u00e7ou que as pessoas consideram que na Alemanh\u00e3 est\u00e1 \u201cest\u00e1 tudo bonito\u201d, que vivem uma \u201csitua\u00e7\u00e3o positiva\u201d mas \u201cn\u00e3o \u00e9\u201d realidade porque os sal\u00e1rios \u201cn\u00e3o t\u00eam aumentado\u201d h\u00e1 muitos anos e constatam que \u201cas situa\u00e7\u00f5es\u201d s\u00e3o transversais: Trabalho prec\u00e1rio, pouco sal\u00e1rio.\u201d<\/p>\n<p>Em declara\u00e7\u00f5es \u00e0 Ag\u00eancia ECCLESIA, explicou, por exemplo, que o desemprego jovem existe mas \u201cn\u00e3o como nos pa\u00edses do sul\u201d com elevadas taxas e, mesmo sendo \u201crelativamente f\u00e1cil\u201d encontrar forma\u00e7\u00e3o profissional, \u201cn\u00e3o t\u00eam empregos fixos mas contratos limitados\u201d.<\/p>\n<p>Para Xavier Such, membro da ACO, preocupante \u00e9 mesmo o \u201ctema do trabalho juvenil\u201d porque os contratos s\u00e3o \u201ccurtos, pouco est\u00e1veis\u201d e n\u00e3o oferecem \u201coportunidade\u201d dos jovens come\u00e7arem a construir a sua vida.<\/p>\n<p>\u201cEst\u00e1 a gerar uma juventude e pessoas que n\u00e3o d\u00e3o resposta aos anseios pessoais, \u00e0s suas capacidades, \u00e9 um dos temas laborais mais preocupantes\u201d, acrescentou, observando que pessoas com estudos universit\u00e1rios t\u00eam de sair do pa\u00eds.<\/p>\n<p>Para Jose Fernando Almaza, presidente do movimento espanhol HOAC, \u201c\u00e9 importante animar a reflex\u00e3o\u201d sobre o modelo econ\u00f3mico quando falam \u201cde robotiza\u00e7\u00e3o, industrializa\u00e7\u00e3o 4.0\u201d.<\/p>\n<p>\u201c\u00c9 importante ler a realidade tamb\u00e9m a partir da nossa f\u00e9\u201d, afirma Jose Fernando Almaza.<\/p>\n<p>O semin\u00e1rio internacional \u2018O Mundo do Trabalho Digital \u2013 Ind\u00fastria 4.0: O trabalho decente, o desenvolvimento do emprego e a distribui\u00e7\u00e3o dos rendimentos na Sociedade\u2019 decorre at\u00e9 este s\u00e1bado em Mora, distrito de \u00c9vora.<\/p>\n<p>Fonte: Ag\u00eancia Ecclesia<\/p>\n","protected":false},"excerpt":{"rendered":"<p>Trabalhadores crist\u00e3o refletem sobre a \u00abind\u00fastria 4.0\u00bb no semin\u00e1rio \u00abO Mundo do Trabalho Digital\u00bb \u00c9vora, 09 jun 2017 (Ecclesia) \u2013 O arcebispo de \u00c9vora disse hoje \u00e0 Ag\u00eancia ECCLESIA no semin\u00e1rio internacional de trabalhadores crist\u00e3os sobre a &#8220;ind\u00fastria 4.0&#8221; que a pessoa humana \u201cest\u00e1 sempre\u201d primeiro do que o &#8220;capital, a tecnologia e a ci\u00eancia&#8221;. [&hellip;]<\/p>\n","protected":false},"author":1,"featured_media":31498,"comment_status":"open","ping_status":"open","sticky":false,"template":"","format":"standard","meta":{"footnotes":""},"categories":[4],"tags":[],"class_list":["post-31497","post","type-post","status-publish","format-standard","has-post-thumbnail","hentry","category-cotidiano"],"_links":{"self":[{"href":"https:\/\/catolicanet.net\/wp-cnet\/wp-json\/wp\/v2\/posts\/31497","targetHints":{"allow":["GET"]}}],"collection":[{"href":"https:\/\/catolicanet.net\/wp-cnet\/wp-json\/wp\/v2\/posts"}],"about":[{"href":"https:\/\/catolicanet.net\/wp-cnet\/wp-json\/wp\/v2\/types\/post"}],"author":[{"embeddable":true,"href":"https:\/\/catolicanet.net\/wp-cnet\/wp-json\/wp\/v2\/users\/1"}],"replies":[{"embeddable":true,"href":"https:\/\/catolicanet.net\/wp-cnet\/wp-json\/wp\/v2\/comments?post=31497"}],"version-history":[{"count":1,"href":"https:\/\/catolicanet.net\/wp-cnet\/wp-json\/wp\/v2\/posts\/31497\/revisions"}],"predecessor-version":[{"id":31499,"href":"https:\/\/catolicanet.net\/wp-cnet\/wp-json\/wp\/v2\/posts\/31497\/revisions\/31499"}],"wp:featuredmedia":[{"embeddable":true,"href":"https:\/\/catolicanet.net\/wp-cnet\/wp-json\/wp\/v2\/media\/31498"}],"wp:attachment":[{"href":"https:\/\/catolicanet.net\/wp-cnet\/wp-json\/wp\/v2\/media?parent=31497"}],"wp:term":[{"taxonomy":"category","embeddable":true,"href":"https:\/\/catolicanet.net\/wp-cnet\/wp-json\/wp\/v2\/categories?post=31497"},{"taxonomy":"post_tag","embeddable":true,"href":"https:\/\/catolicanet.net\/wp-cnet\/wp-json\/wp\/v2\/tags?post=31497"}],"curies":[{"name":"wp","href":"https:\/\/api.w.org\/{rel}","templated":true}]}}