{"id":31494,"date":"2017-06-09T14:38:44","date_gmt":"2017-06-09T17:38:44","guid":{"rendered":"http:\/\/catolicanet.net\/wp-cnet\/?p=31494"},"modified":"2017-06-13T13:26:53","modified_gmt":"2017-06-13T16:26:53","slug":"carmelita-descalca-a-um-passo-de-se-tornar-a-primeira-beata-do-paraguai","status":"publish","type":"post","link":"https:\/\/catolicanet.net\/wp-cnet\/carmelita-descalca-a-um-passo-de-se-tornar-a-primeira-beata-do-paraguai\/","title":{"rendered":"Carmelita descal\u00e7a a um passo de se tornar a primeira beata do Paraguai"},"content":{"rendered":"<p style=\"text-align: justify;\">ASSUN\u00c7\u00c3O, 09 Jun. 17 \/ 08:00 am (ACI).- A carmelita descal\u00e7a Maria Fel\u00edcia de Jesus Sacramentado poderia se tornar a primeira mulher paraguaia a ser declarada Beata, depois que no dia 1\u00ba de junho a junta m\u00e9dica do Vaticano reconheceu que n\u00e3o h\u00e1 nenhuma explica\u00e7\u00e3o cient\u00edfica para uma cura atribu\u00edda \u00e0 sua intercess\u00e3o.<\/p>\n<p>Deste modo, a causa desta vener\u00e1vel ser\u00e1 estudada pela Comiss\u00e3o Teol\u00f3gica da Congrega\u00e7\u00e3o para as Causas dos Santos, para apresent\u00e1-la em seguida ao Santo Padre, que finalmente ser\u00e1 respons\u00e1vel por avaliar e assinar o decreto que permitiria a sua beatifica\u00e7\u00e3o.<\/p>\n<p>Maria Fel\u00edcia Guggiari Echeverria, conhecida como \u201cChiquitunga\u201d, nasceu no dia 12 de janeiro de 1925. Desde 14 anos, dedicou-se intensamente \u00e0 ora\u00e7\u00e3o e ao apostolado na A\u00e7\u00e3o Cat\u00f3lica do Paraguai.<\/p>\n<p>Depois de descobrir a sua voca\u00e7\u00e3o de religiosa contemplativa, em 14 agosto de 1955 \u201cChiquitunga\u201d ingressou, aos 30 anos, no Carmelo de Assun\u00e7\u00e3o e, 4 anos depois, morreu com uma forte hepatite, em 28 mar\u00e7o de 1959.<\/p>\n<p>Seu processo de beatifica\u00e7\u00e3o come\u00e7ou em 1997 e foi declarada \u201cvener\u00e1vel\u201d em 2010 pelo Papa Bento XVI.<\/p>\n<p>A cura atribu\u00edda \u00e0 intercess\u00e3o da religiosa ocorreu em 2002, em San Pedro, quando um rec\u00e9m-nascido, \u00c1ngel Ram\u00f3n, apresentou complica\u00e7\u00f5es no parto e permaneceu durante vinte minutos sem sinais vitais depois de terem cortado o seu cord\u00e3o umbilical.<\/p>\n<p>Diante desta complica\u00e7\u00e3o, a obstetra pediu a intercess\u00e3o da carmelita e, depois de 20 minutos de ter sido dado como morto, o beb\u00ea recuperou os seus sinais vitais.<\/p>\n<p>\u201cNem foi necess\u00e1rio coloc\u00e1-lo no oxig\u00eanio, nem pressionaram o seu peito, ele reviveu depois de 20 minutos\u201d, relatou o Pe. Flaminio Ben\u00edtez, da Ordem Carmelita, que apresentou o caso \u00e0 Santa S\u00e9.<\/p>\n<p>\u201cDepois de cinco minutos sem oxig\u00eanio, o c\u00e9rebro fica com sequelas, mas atualmente, 15 anos depois, a crian\u00e7a est\u00e1 normal\u201d, sublinhou o sacerdote segundo assinala AICA.<\/p>\n<p>Em rela\u00e7\u00e3o \u00e0 decis\u00e3o da junta m\u00e9dica do Vaticano, o presidente da Confer\u00eancia Episcopal do Paraguai e Arcebispo de Assun\u00e7\u00e3o, Dom Edmundo Valenzuela, pediu cautela no momento de cham\u00e1-la de \u201cBeata\u201d.<\/p>\n<p>\u201cAt\u00e9 que o Santo Padre n\u00e3o promulgue o reconhecimento do milagre inexplic\u00e1vel e maravilhoso, ningu\u00e9m ainda poder\u00e1 cham\u00e1-la de Beata. Esperemos um pouco mais\u201d, afirmou o Prelado em uma mensagem.<\/p>\n<p>Por sua parte, o Pe. Ben\u00edtez explicou que, \u201cagora, isto vai para a Congrega\u00e7\u00e3o para as Causas dos Santos e ent\u00e3o os te\u00f3logos fazem uma nota ao Papa, apresentando-lhe os resultados da junta m\u00e9dica e, em seguida, o Papa assinar\u00e1 um decreto convocando \u00e0 beatifica\u00e7\u00e3o, isso acontecer\u00e1 somente em alguns meses\u201d.<\/p>\n<p>At\u00e9 a data, o \u00fanico santo do Paraguai \u00e9 o jesu\u00edta e m\u00e1rtir San Roque Gonz\u00e1lez da Santa Cruz, canonizado em 1988 pelo Papa S\u00e3o Jo\u00e3o Paulo II.<\/p>\n<p style=\"text-align: justify;\">Fonte: Acidigital<\/p>\n","protected":false},"excerpt":{"rendered":"<p>ASSUN\u00c7\u00c3O, 09 Jun. 17 \/ 08:00 am (ACI).- A carmelita descal\u00e7a Maria Fel\u00edcia de Jesus Sacramentado poderia se tornar a primeira mulher paraguaia a ser declarada Beata, depois que no dia 1\u00ba de junho a junta m\u00e9dica do Vaticano reconheceu que n\u00e3o h\u00e1 nenhuma explica\u00e7\u00e3o cient\u00edfica para uma cura atribu\u00edda \u00e0 sua intercess\u00e3o. Deste modo, [&hellip;]<\/p>\n","protected":false},"author":1,"featured_media":31495,"comment_status":"open","ping_status":"open","sticky":false,"template":"","format":"standard","meta":{"footnotes":""},"categories":[4],"tags":[],"class_list":["post-31494","post","type-post","status-publish","format-standard","has-post-thumbnail","hentry","category-cotidiano"],"_links":{"self":[{"href":"https:\/\/catolicanet.net\/wp-cnet\/wp-json\/wp\/v2\/posts\/31494","targetHints":{"allow":["GET"]}}],"collection":[{"href":"https:\/\/catolicanet.net\/wp-cnet\/wp-json\/wp\/v2\/posts"}],"about":[{"href":"https:\/\/catolicanet.net\/wp-cnet\/wp-json\/wp\/v2\/types\/post"}],"author":[{"embeddable":true,"href":"https:\/\/catolicanet.net\/wp-cnet\/wp-json\/wp\/v2\/users\/1"}],"replies":[{"embeddable":true,"href":"https:\/\/catolicanet.net\/wp-cnet\/wp-json\/wp\/v2\/comments?post=31494"}],"version-history":[{"count":1,"href":"https:\/\/catolicanet.net\/wp-cnet\/wp-json\/wp\/v2\/posts\/31494\/revisions"}],"predecessor-version":[{"id":31496,"href":"https:\/\/catolicanet.net\/wp-cnet\/wp-json\/wp\/v2\/posts\/31494\/revisions\/31496"}],"wp:featuredmedia":[{"embeddable":true,"href":"https:\/\/catolicanet.net\/wp-cnet\/wp-json\/wp\/v2\/media\/31495"}],"wp:attachment":[{"href":"https:\/\/catolicanet.net\/wp-cnet\/wp-json\/wp\/v2\/media?parent=31494"}],"wp:term":[{"taxonomy":"category","embeddable":true,"href":"https:\/\/catolicanet.net\/wp-cnet\/wp-json\/wp\/v2\/categories?post=31494"},{"taxonomy":"post_tag","embeddable":true,"href":"https:\/\/catolicanet.net\/wp-cnet\/wp-json\/wp\/v2\/tags?post=31494"}],"curies":[{"name":"wp","href":"https:\/\/api.w.org\/{rel}","templated":true}]}}