{"id":3141,"date":"2013-10-17T16:42:57","date_gmt":"2013-10-17T19:42:57","guid":{"rendered":"http:\/\/catolicanet.net\/wp-cnet\/filme-qcura-pe-wojtyla-em-niegoviq-e-apresentado-na-radio-vaticano\/"},"modified":"2017-03-23T15:30:20","modified_gmt":"2017-03-23T18:30:20","slug":"filme-qcura-pe-wojtyla-em-niegoviq-e-apresentado-na-radio-vaticano","status":"publish","type":"post","link":"https:\/\/catolicanet.net\/wp-cnet\/filme-qcura-pe-wojtyla-em-niegoviq-e-apresentado-na-radio-vaticano\/","title":{"rendered":"Filme &#8220;Cura Pe. Wojtyla em Niegovi\u0107&#8221; \u00e9 apresentado na R\u00e1dio Vaticano"},"content":{"rendered":"<p style=\"text-align: justify;\"><img decoding=\"async\" src=\"http:\/\/catolicanet.com.br\/images\/stories\/curapewojtylaemniegowic.jpg\" border=\"0\" align=\"left\" \/>&#8220;Cura Pe. Wojtyla em Niegowi\u0107&#8221;: esse \u00e9 o t\u00edtulo do filme que conta a vida de Pe. Karol na cidadezinha polonesa, pr\u00f3xima a Crac\u00f3via, para onde foi enviado como vice-p\u00e1roco em seu primeiro encargo por ele desempenhado durante pouco mais de um ano, de julho de 1948 a agosto do ano seguinte.<\/p>\n<p>O filme, escrito e dirigido pelo diretor do Vatican Service News, Mons. Jaroslaw Cielecki, foi apresentado na manh\u00e3 desta quinta-feira na sede da nossa emissora.<\/p>\n<p>O Karol Wojtyla apresentado no filme \u00e9 um jovem sacerdote: jovem, mas com os tra\u00e7os distintivos que estar\u00e3o sempre presentes em sua personalidade. Mons. Cielecki nos diz qual foi o aspecto de Jo\u00e3o Paulo II que mais o impressionou:<\/p>\n<p><em>&#8220;Ele sempre quis estar perto das pessoas, fazer-se pr\u00f3ximo como se fosse um verdadeiro pai, sempre ia ao encontro. Ademais, tinha um grande cora\u00e7\u00e3o. Sempre me impressionou o seguinte: assim que chegou a Niegowi\u0107, deram-lhe um travesseiro; no dia seguinte uma casa pegou fogo num vilarejo e foram at\u00e9 ele dizer-lhe que a fam\u00edlia atingida pelo inc\u00eandio se encontrava em dificuldade. Ent\u00e3o ele pegou o travesseiro e disse: &#8220;Levem esse travesseiro e amanh\u00e3 irei visit\u00e1-la&#8221;. No filme vemos essa cena que certamente toca o cora\u00e7\u00e3o. E tamb\u00e9m aquele momento muito comovente quando chega ao territ\u00f3rio da par\u00f3quia, com uma mala na m\u00e3o, ajoelha-se e beija a terra. Beijo este que ele escreveu tamb\u00e9m no livro &#8216;Dom e mist\u00e9rio&#8217;: um beijo cujo gesto depois continuou a fazer nos v\u00e1rios pa\u00edses do mundo. Foram muitos os pa\u00edses beijados pelo Santo Padre.&#8221;<\/em><\/p>\n<p>O filme &#8220;Cura Pe. Wojtyla em Niegowi\u0107&#8221; foi feito a partir do livro hom\u00f4nimo de autoria de Mons. Cielecki, que no passado trabalhou em estreito contato com Jo\u00e3o Paulo II. A esse prop\u00f3sito, o diretor do Vatican Service News nos diz qual recorda\u00e7\u00e3o traz consigo:<\/p>\n<p><em>&#8220;Tive v\u00e1rios encontros, mas trago particularmente comigo, sempre no cora\u00e7\u00e3o, o de 1999, quando foi constitu\u00eddo na It\u00e1lia um Comit\u00ea internacional e, por ocasi\u00e3o de seu anivers\u00e1rio sacerdotal, fizemos-lhe uma homenagem com uma est\u00e1tua de bronze de tr\u00eas metros, que o representava como jovem sacerdote. Depois decidi lav\u00e1-la at\u00e9 a Bas\u00edlica de S\u00e3o Pedro para mostr\u00e1-la ao Santo Padre. Quando me aproximei ele estava diante da est\u00e1tua olhando para ela, ent\u00e3o lhe disse: &#8220;Santo Padre, quis trazer uma recorda\u00e7\u00e3o de sua juventude&#8221;. Ele se voltou para mim e respondeu-me. &#8220;Como recorda\u00e7\u00e3o da juventude?&#8221; Ent\u00e3o pensei ter feito algo que n\u00e3o deveria. Depois me olhou e me disse: &#8220;Voc\u00ea n\u00e3o sabe que sou sempre jovem? Voc\u00ea deve dizer n\u00e3o somente hoje, mas tamb\u00e9m amanh\u00e3 e sempre: quem ama Jesus e Maria \u00e9 sempre jovem!&#8221;&#8221;<\/em><\/p>\n<p>A viagem na vida de Pe. Karol Wojtyla \u00e9 narrada atrav\u00e9s das recorda\u00e7\u00f5es de Eleonora Mardosz, uma mulher de 87 anos que foi quem o auxiliou na par\u00f3quia de Niegowi\u0107, contando inclusive epis\u00f3dios in\u00e9ditos sobre a vida cotidiana.<\/p>\n<p>Aparecem no filme tamb\u00e9m alguns objetos que realmente pertenceram a Karol Wojtyla, como a estola e a t\u00fanica que o ator protagonista usa durante a cena do matrim\u00f4nio gravada na igreja de madeira onde celebrava a missa. Portanto, a obra cinematogr\u00e1fica constitui ocasi\u00e3o para conhecer mais de perto Jo\u00e3o Paulo II, que ser\u00e1 proclamado Santo em 27 de abril do pr\u00f3ximo ano.<\/p>\n<p style=\"text-align: justify;\">\u00a0<\/p>\n<p style=\"text-align: justify;\"><strong>Local: Cidade do Vaticano<br \/>Fonte: R\u00e1dio Vaticano<\/strong><\/p>\n","protected":false},"excerpt":{"rendered":"<p>&#8220;Cura Pe. Wojtyla em Niegowi\u0107&#8221;: esse \u00e9 o t\u00edtulo do filme que conta a vida de Pe. Karol na cidadezinha polonesa, pr\u00f3xima a Crac\u00f3via, para onde foi enviado como vice-p\u00e1roco em seu primeiro encargo por ele desempenhado durante pouco mais de um ano, de julho de 1948 a agosto do ano seguinte. O filme, escrito [&hellip;]<\/p>\n","protected":false},"author":1,"featured_media":0,"comment_status":"closed","ping_status":"closed","sticky":false,"template":"","format":"standard","meta":{"footnotes":""},"categories":[3],"tags":[],"class_list":["post-3141","post","type-post","status-publish","format-standard","hentry","category-vaticano"],"_links":{"self":[{"href":"https:\/\/catolicanet.net\/wp-cnet\/wp-json\/wp\/v2\/posts\/3141","targetHints":{"allow":["GET"]}}],"collection":[{"href":"https:\/\/catolicanet.net\/wp-cnet\/wp-json\/wp\/v2\/posts"}],"about":[{"href":"https:\/\/catolicanet.net\/wp-cnet\/wp-json\/wp\/v2\/types\/post"}],"author":[{"embeddable":true,"href":"https:\/\/catolicanet.net\/wp-cnet\/wp-json\/wp\/v2\/users\/1"}],"replies":[{"embeddable":true,"href":"https:\/\/catolicanet.net\/wp-cnet\/wp-json\/wp\/v2\/comments?post=3141"}],"version-history":[{"count":1,"href":"https:\/\/catolicanet.net\/wp-cnet\/wp-json\/wp\/v2\/posts\/3141\/revisions"}],"predecessor-version":[{"id":7714,"href":"https:\/\/catolicanet.net\/wp-cnet\/wp-json\/wp\/v2\/posts\/3141\/revisions\/7714"}],"wp:attachment":[{"href":"https:\/\/catolicanet.net\/wp-cnet\/wp-json\/wp\/v2\/media?parent=3141"}],"wp:term":[{"taxonomy":"category","embeddable":true,"href":"https:\/\/catolicanet.net\/wp-cnet\/wp-json\/wp\/v2\/categories?post=3141"},{"taxonomy":"post_tag","embeddable":true,"href":"https:\/\/catolicanet.net\/wp-cnet\/wp-json\/wp\/v2\/tags?post=3141"}],"curies":[{"name":"wp","href":"https:\/\/api.w.org\/{rel}","templated":true}]}}