{"id":3140,"date":"2013-10-17T14:21:15","date_gmt":"2013-10-17T17:21:15","guid":{"rendered":"http:\/\/catolicanet.net\/wp-cnet\/patriarca-ecumenico-fala-aos-monges-do-monte-athos\/"},"modified":"2017-03-23T15:31:16","modified_gmt":"2017-03-23T18:31:16","slug":"patriarca-ecumenico-fala-aos-monges-do-monte-athos","status":"publish","type":"post","link":"https:\/\/catolicanet.net\/wp-cnet\/patriarca-ecumenico-fala-aos-monges-do-monte-athos\/","title":{"rendered":"Patriarca Ecum\u00eanico fala aos monges do Monte Athos"},"content":{"rendered":"<p style=\"text-align: justify;\"><img decoding=\"async\" src=\"http:\/\/catolicanet.com.br\/images\/stories\/monteathos.jpg\" border=\"0\" align=\"left\" \/>Ter\u00e7a-feira, 15, o Patriarca Bartolomeu I de Constantinopla pediu aos monges do Monte Athos para manterem dist\u00e2ncia de aplica\u00e7\u00f5es financeiras e dedicarem-se completamente \u00e0 sua miss\u00e3o.<\/p>\n<p>O Patriarca Ecum\u00eanico de Constantinopla, que est\u00e1 na localidade para presidir as celebra\u00e7\u00f5es do centen\u00e1rio da integra\u00e7\u00e3o do Monte Athos \u00e0 Gr\u00e9cia, foi muito claro em seu discurso aos monges.<\/p>\n<p>Consciente da realidade no Monte Athos, Bartolomeu falou sobre as condi\u00e7\u00f5es desfavor\u00e1veis causadas pela crise econ\u00f4mica que atinge o Estado grego.<\/p>\n<p>Durante a Divina Liturgia, celebrada no dia 16 em Protato, catedral de Karies (capital de Monte Athos), o Patriarca Ecum\u00eanico mencionou a quest\u00e3o da tributa\u00e7\u00e3o dos mosteiros e do Monte Athos, tema que provocou a ruptura das rela\u00e7\u00f5es entre o governo grego e os monges do Monte Athos.<\/p>\n<p>Em rela\u00e7\u00e3o \u00e0 controv\u00e9rsia, o Patriarca esclareceu que n\u00e3o pretende aceitar qualquer discuss\u00e3o sobre a mudan\u00e7a do status quo do Monte Athos.<\/p>\n<p>Embora perten\u00e7a formalmente ao territ\u00f3rio grego, a Rep\u00fablica do Monte Athos \u00e9 na verdade uma \u201centidade teocr\u00e1tica independente\u201d. Para entrar no territ\u00f3rio \u00e9 necess\u00e1ria uma permiss\u00e3o especial, n\u00e3o obstante a Gr\u00e9cia fa\u00e7a parte da Uni\u00e3o Europeia e tenha abolido os controles fronteiri\u00e7os. Situado na pen\u00ednsula da Calc\u00eddica, a 100 km da cidade de Tessalonica e \u00e9 habitado por cerca de 1.500 monges ortodoxos, distribu\u00eddos em vinte mosteiros principais.<\/p>\n<p style=\"text-align: justify;\">\u00a0<\/p>\n<p style=\"text-align: justify;\"><strong>Local: Istambul<br \/>Fonte: R\u00e1dio vaticano<\/strong><\/p>\n","protected":false},"excerpt":{"rendered":"<p>Ter\u00e7a-feira, 15, o Patriarca Bartolomeu I de Constantinopla pediu aos monges do Monte Athos para manterem dist\u00e2ncia de aplica\u00e7\u00f5es financeiras e dedicarem-se completamente \u00e0 sua miss\u00e3o. O Patriarca Ecum\u00eanico de Constantinopla, que est\u00e1 na localidade para presidir as celebra\u00e7\u00f5es do centen\u00e1rio da integra\u00e7\u00e3o do Monte Athos \u00e0 Gr\u00e9cia, foi muito claro em seu discurso aos [&hellip;]<\/p>\n","protected":false},"author":1,"featured_media":0,"comment_status":"closed","ping_status":"closed","sticky":false,"template":"","format":"standard","meta":{"footnotes":""},"categories":[3],"tags":[],"class_list":["post-3140","post","type-post","status-publish","format-standard","hentry","category-vaticano"],"_links":{"self":[{"href":"https:\/\/catolicanet.net\/wp-cnet\/wp-json\/wp\/v2\/posts\/3140","targetHints":{"allow":["GET"]}}],"collection":[{"href":"https:\/\/catolicanet.net\/wp-cnet\/wp-json\/wp\/v2\/posts"}],"about":[{"href":"https:\/\/catolicanet.net\/wp-cnet\/wp-json\/wp\/v2\/types\/post"}],"author":[{"embeddable":true,"href":"https:\/\/catolicanet.net\/wp-cnet\/wp-json\/wp\/v2\/users\/1"}],"replies":[{"embeddable":true,"href":"https:\/\/catolicanet.net\/wp-cnet\/wp-json\/wp\/v2\/comments?post=3140"}],"version-history":[{"count":1,"href":"https:\/\/catolicanet.net\/wp-cnet\/wp-json\/wp\/v2\/posts\/3140\/revisions"}],"predecessor-version":[{"id":7715,"href":"https:\/\/catolicanet.net\/wp-cnet\/wp-json\/wp\/v2\/posts\/3140\/revisions\/7715"}],"wp:attachment":[{"href":"https:\/\/catolicanet.net\/wp-cnet\/wp-json\/wp\/v2\/media?parent=3140"}],"wp:term":[{"taxonomy":"category","embeddable":true,"href":"https:\/\/catolicanet.net\/wp-cnet\/wp-json\/wp\/v2\/categories?post=3140"},{"taxonomy":"post_tag","embeddable":true,"href":"https:\/\/catolicanet.net\/wp-cnet\/wp-json\/wp\/v2\/tags?post=3140"}],"curies":[{"name":"wp","href":"https:\/\/api.w.org\/{rel}","templated":true}]}}