{"id":3135,"date":"2013-10-17T13:28:00","date_gmt":"2013-10-17T16:28:00","guid":{"rendered":"http:\/\/catolicanet.net\/wp-cnet\/missa-dos-parlamentares-e-realizada-na-sede-da-cnbb\/"},"modified":"2017-03-23T15:33:56","modified_gmt":"2017-03-23T18:33:56","slug":"missa-dos-parlamentares-e-realizada-na-sede-da-cnbb","status":"publish","type":"post","link":"https:\/\/catolicanet.net\/wp-cnet\/missa-dos-parlamentares-e-realizada-na-sede-da-cnbb\/","title":{"rendered":"Missa dos Parlamentares \u00e9 realizada na sede da CNBB"},"content":{"rendered":"<p style=\"text-align: justify;\"><img decoding=\"async\" src=\"http:\/\/catolicanet.com.br\/images\/stories\/missadosparlamentares.jpg\" border=\"0\" align=\"left\" \/>Deputados, senadores, assessores de parlamentares e colaboradores da Comiss\u00e3o Brasileira de Justi\u00e7a e Paz (CBJP) da Confer\u00eancia Nacional dos Bispos do Brasil (CNBB) estiveram presentes na tradicional Missa dos Parlamentares. A celebra\u00e7\u00e3o ocorreu nesta quinta-feira, 17, na capela Nossa Senhora Aparecida, na sede da Confer\u00eancia, em Bras\u00edlia.<\/p>\n<p>A missa, organizada pela CBJP e pela assessoria de pol\u00edtica da CNBB, \u00e9 realizada na terceira quinta-feira de cada m\u00eas, \u00e0s 8h.<\/p>\n<p>Ap\u00f3s a celebra\u00e7\u00e3o, todos foram convidados para um momento de confraterniza\u00e7\u00e3o, uma oportunidade para fortalecer la\u00e7os fraternos e de amizade.<\/p>\n<p style=\"text-align: justify;\">\u00a0<\/p>\n<p style=\"text-align: justify;\"><strong>Local: Bras\u00edlia (DF)<br \/>Fonte: CNBB<\/strong><\/p>\n","protected":false},"excerpt":{"rendered":"<p>Deputados, senadores, assessores de parlamentares e colaboradores da Comiss\u00e3o Brasileira de Justi\u00e7a e Paz (CBJP) da Confer\u00eancia Nacional dos Bispos do Brasil (CNBB) estiveram presentes na tradicional Missa dos Parlamentares. A celebra\u00e7\u00e3o ocorreu nesta quinta-feira, 17, na capela Nossa Senhora Aparecida, na sede da Confer\u00eancia, em Bras\u00edlia. A missa, organizada pela CBJP e pela assessoria [&hellip;]<\/p>\n","protected":false},"author":1,"featured_media":0,"comment_status":"closed","ping_status":"closed","sticky":false,"template":"","format":"standard","meta":{"footnotes":""},"categories":[7],"tags":[],"class_list":["post-3135","post","type-post","status-publish","format-standard","hentry","category-cnbb"],"_links":{"self":[{"href":"https:\/\/catolicanet.net\/wp-cnet\/wp-json\/wp\/v2\/posts\/3135","targetHints":{"allow":["GET"]}}],"collection":[{"href":"https:\/\/catolicanet.net\/wp-cnet\/wp-json\/wp\/v2\/posts"}],"about":[{"href":"https:\/\/catolicanet.net\/wp-cnet\/wp-json\/wp\/v2\/types\/post"}],"author":[{"embeddable":true,"href":"https:\/\/catolicanet.net\/wp-cnet\/wp-json\/wp\/v2\/users\/1"}],"replies":[{"embeddable":true,"href":"https:\/\/catolicanet.net\/wp-cnet\/wp-json\/wp\/v2\/comments?post=3135"}],"version-history":[{"count":1,"href":"https:\/\/catolicanet.net\/wp-cnet\/wp-json\/wp\/v2\/posts\/3135\/revisions"}],"predecessor-version":[{"id":7720,"href":"https:\/\/catolicanet.net\/wp-cnet\/wp-json\/wp\/v2\/posts\/3135\/revisions\/7720"}],"wp:attachment":[{"href":"https:\/\/catolicanet.net\/wp-cnet\/wp-json\/wp\/v2\/media?parent=3135"}],"wp:term":[{"taxonomy":"category","embeddable":true,"href":"https:\/\/catolicanet.net\/wp-cnet\/wp-json\/wp\/v2\/categories?post=3135"},{"taxonomy":"post_tag","embeddable":true,"href":"https:\/\/catolicanet.net\/wp-cnet\/wp-json\/wp\/v2\/tags?post=3135"}],"curies":[{"name":"wp","href":"https:\/\/api.w.org\/{rel}","templated":true}]}}