{"id":3126,"date":"2013-10-16T16:11:08","date_gmt":"2013-10-16T19:11:08","guid":{"rendered":"http:\/\/catolicanet.net\/wp-cnet\/uma-instituicao-santa-e-religiosa\/"},"modified":"2017-03-23T15:40:26","modified_gmt":"2017-03-23T18:40:26","slug":"uma-instituicao-santa-e-religiosa","status":"publish","type":"post","link":"https:\/\/catolicanet.net\/wp-cnet\/uma-instituicao-santa-e-religiosa\/","title":{"rendered":"Uma Institui\u00e7\u00e3o Santa e Religiosa"},"content":{"rendered":"<p style=\"text-align: justify;\"><img decoding=\"async\" src=\"http:\/\/catolicanet.com.br\/images\/stories\/convidigal3.jpg\" border=\"0\" align=\"left\" \/>O matrim\u00f4nio \u00e9 uma institui\u00e7\u00e3o santa e religiosa e a sua origem \u00e9 divina como se l\u00ea nas primeiras p\u00e1ginas da B\u00edblia. \u00c9 o alicerce da fam\u00edlia, o baluarte da primeira sociedade que a hist\u00f3ria humana conheceu, o v\u00ednculo misterioso que, unindo duas pessoas, perpetua no mundo o g\u00eanero humano. Institui\u00e7\u00e3o belissima a que se encontram ligados interesses vitais da humanidade. A fam\u00edlia \u00e9, de fato, uma sociedade indissol\u00favel e santa, que necessita desde seu in\u00edcio da b\u00ean\u00e7\u00e3o divina. A uni\u00e3o do homem com a mulher \u00e9 uma uni\u00e3o pura e perp\u00e9tua, que est\u00e1 acima do tumulto das paix\u00f5es, e,\u00a0 institu\u00edda pelo pr\u00f3prio Deus, n\u00e3o pode estar sujeita aos caprichos dos homens. Para quem \u00e9 disc\u00edpulo de Cristo n\u00e3o h\u00e1 o div\u00f3rcio, porque a promessa matrimonial foi selada e dignificada com a solenidade de um sacramento e s\u00f3 pode ser rompido pela morte de um dos c\u00f4njuges. : O que constitui a sociedade p\u00fablica, o estado, a na\u00e7\u00e3o, \u00e9 a fam\u00edlia. Eis porque uma \u00e9 posterior a outra e a fam\u00edlia existiu antes de haver governo civil. Ora o que, por\u00e9m, constitui a fam\u00edlia, \u00e9 o matrim\u00f4nio. Logo o matrim\u00f4nio, sendo o fundamento da fam\u00edlia, \u00e9 anterior cronologicamente e pela sua mesma natureza a toda sociedade pol\u00edtica. N\u00e3o h\u00e1 organiza\u00e7\u00e3o pol\u00edtica qualquer sem a fam\u00edlia, sem o matrim\u00f4nio. O matrim\u00f4nio \u00e9, portanto, da esfera da fam\u00edlia e do indiv\u00edduo, se inaugura dentro da fam\u00edlia. Os nubentes saem da fam\u00edlia e saem para constituir nova fam\u00edlia. \u00c9, pois, um ato que se realiza dentro da fam\u00edlia e a\u00ed produz os seus efeitos. No que tange o contrato civil a Igreja o admite e aconselha como formalidade legal para regularizar os interesses materiais dos esposos, mas n\u00e3o o admite como matrim\u00f4nio, uni\u00e3o leg\u00edtima de homem com mulher. \u00c9 sob este ponto de vista que os fi\u00e9is devem cumprir escrupulosamente as normas do Direito civil. Assim sendo, as pessoas que se contentam unicamente com essa formalidade legal ou est\u00e3o divorciados e desprezam o casamento religioso n\u00e3o podem receber os sacramentos da Confiss\u00e3o e da Comunh\u00e3o.\u00a0 Quem se casou na Igreja e n\u00e3o consegue atrav\u00e9s do Tribunal Eclesi\u00e1stico obter a declara\u00e7\u00e3o de que o contrato matrimonial foi ab initio nulo, deve confiar na miseric\u00f3rdia divina, participar das Missas, batizar os filhos, mas os divorciados\u00a0 n\u00e3o podem nem se confessar nem comungar, se contra\u00edram novas n\u00fapcias. O ideal \u00e9 a restaura\u00e7\u00e3o da fam\u00edlia que infelizmente se separou. Est\u00e1 claro nas palavras de Cristo: \u201cO que Deus uniu o homem n\u00e3o separe\u201d (cf Mt 19,3-12).<\/p>\n","protected":false},"excerpt":{"rendered":"<p>O matrim\u00f4nio \u00e9 uma institui\u00e7\u00e3o santa e religiosa e a sua origem \u00e9 divina como se l\u00ea nas primeiras p\u00e1ginas da B\u00edblia. \u00c9 o alicerce da fam\u00edlia, o baluarte da primeira sociedade que a hist\u00f3ria humana conheceu, o v\u00ednculo misterioso que, unindo duas pessoas, perpetua no mundo o g\u00eanero humano. Institui\u00e7\u00e3o belissima a que se [&hellip;]<\/p>\n","protected":false},"author":7,"featured_media":0,"comment_status":"closed","ping_status":"closed","sticky":false,"template":"","format":"standard","meta":{"footnotes":""},"categories":[9],"tags":[],"class_list":["post-3126","post","type-post","status-publish","format-standard","hentry","category-artigos"],"_links":{"self":[{"href":"https:\/\/catolicanet.net\/wp-cnet\/wp-json\/wp\/v2\/posts\/3126","targetHints":{"allow":["GET"]}}],"collection":[{"href":"https:\/\/catolicanet.net\/wp-cnet\/wp-json\/wp\/v2\/posts"}],"about":[{"href":"https:\/\/catolicanet.net\/wp-cnet\/wp-json\/wp\/v2\/types\/post"}],"author":[{"embeddable":true,"href":"https:\/\/catolicanet.net\/wp-cnet\/wp-json\/wp\/v2\/users\/7"}],"replies":[{"embeddable":true,"href":"https:\/\/catolicanet.net\/wp-cnet\/wp-json\/wp\/v2\/comments?post=3126"}],"version-history":[{"count":1,"href":"https:\/\/catolicanet.net\/wp-cnet\/wp-json\/wp\/v2\/posts\/3126\/revisions"}],"predecessor-version":[{"id":7728,"href":"https:\/\/catolicanet.net\/wp-cnet\/wp-json\/wp\/v2\/posts\/3126\/revisions\/7728"}],"wp:attachment":[{"href":"https:\/\/catolicanet.net\/wp-cnet\/wp-json\/wp\/v2\/media?parent=3126"}],"wp:term":[{"taxonomy":"category","embeddable":true,"href":"https:\/\/catolicanet.net\/wp-cnet\/wp-json\/wp\/v2\/categories?post=3126"},{"taxonomy":"post_tag","embeddable":true,"href":"https:\/\/catolicanet.net\/wp-cnet\/wp-json\/wp\/v2\/tags?post=3126"}],"curies":[{"name":"wp","href":"https:\/\/api.w.org\/{rel}","templated":true}]}}