{"id":3108,"date":"2013-10-15T13:12:03","date_gmt":"2013-10-15T16:12:03","guid":{"rendered":"http:\/\/catolicanet.net\/wp-cnet\/papa-pede-para-que-cristaos-vivam-a-fe-de-modo-concreto\/"},"modified":"2017-03-23T15:49:04","modified_gmt":"2017-03-23T18:49:04","slug":"papa-pede-para-que-cristaos-vivam-a-fe-de-modo-concreto","status":"publish","type":"post","link":"https:\/\/catolicanet.net\/wp-cnet\/papa-pede-para-que-cristaos-vivam-a-fe-de-modo-concreto\/","title":{"rendered":"Papa pede para que crist\u00e3os vivam a f\u00e9 de modo concreto"},"content":{"rendered":"<p style=\"text-align: justify;\"><img decoding=\"async\" src=\"http:\/\/catolicanet.com.br\/images\/stories\/promocaoparaanovaevangelizacao.jpg\" border=\"0\" align=\"left\" \/>\u201cA Igreja \u00e9 a casa onde as portas est\u00e3o sempre abertas\u201d, disse o papa Francisco aos participantes da Assembleia Plen\u00e1ria do Pontif\u00edcio Conselho para a Promo\u00e7\u00e3o da Nova Evangeliza\u00e7\u00e3o. O encontro com o pont\u00edfice ocorreu ontem, dia 14. Em seu discurso, Francisco chamou a aten\u00e7\u00e3o para a import\u00e2ncia do testemunho, da urg\u00eancia de ir ao encontro do outro, e do projeto pastoral centrado no essencial. <\/p>\n<p>De acordo com o papa, nos tempos atuais h\u00e1 uma indiferen\u00e7a com rela\u00e7\u00e3o \u00e0 f\u00e9, que para alguns n\u00e3o \u00e9 considerada importante para a vida humana. O pont\u00edfice recordou que muitas pessoas t\u00eam se afastado da Igreja. \u201cDiante desta situa\u00e7\u00e3o, os crist\u00e3os devem fazer vis\u00edvel aos homens de hoje a miseric\u00f3rdia de Deus, sua ternura para todas as criaturas\u201d, afirmou. Disse que a Igreja precisa acolher a todos e ajud\u00e1-los a \u201crespirar o amor e a esperan\u00e7a\u201d, mas tamb\u00e9m \u00e9 necess\u00e1rio \u201csair e levar este amor e esta esperan\u00e7a\u201d. Pediu, ainda,\u00a0 para que os crist\u00e3os mostrem um modo concreto de viver a f\u00e9, por meio do amor, harmonia, alegria, sofrimento. <\/p>\n<p>Francisco encorajou os participantes do encontro a sa\u00edrem em busca daqueles que perderam a f\u00e9 e o sentido profundo da vida. \u201cA Igreja \u00e9 enviada para despertar esta esperan\u00e7a, especialmente em lugares marcados por condi\u00e7\u00f5es dif\u00edceis, \u00e0s vezes desumanas, onde a esperan\u00e7a n\u00e3o respira, se asfixia. Necessitamos do oxig\u00eanio do Evangelho, do sopro do Esp\u00edrito de Cristo Ressuscitado, para que volte a reascender a esperan\u00e7a nos cora\u00e7\u00f5es\u201d, acrescentou.<\/p>\n<p style=\"text-align: justify;\">\u00a0<\/p>\n<p style=\"text-align: justify;\"><strong>Local: Bras\u00edlia (DF)<br \/>Fonte: CNBB<\/strong><\/p>\n","protected":false},"excerpt":{"rendered":"<p>\u201cA Igreja \u00e9 a casa onde as portas est\u00e3o sempre abertas\u201d, disse o papa Francisco aos participantes da Assembleia Plen\u00e1ria do Pontif\u00edcio Conselho para a Promo\u00e7\u00e3o da Nova Evangeliza\u00e7\u00e3o. O encontro com o pont\u00edfice ocorreu ontem, dia 14. Em seu discurso, Francisco chamou a aten\u00e7\u00e3o para a import\u00e2ncia do testemunho, da urg\u00eancia de ir ao [&hellip;]<\/p>\n","protected":false},"author":1,"featured_media":0,"comment_status":"closed","ping_status":"closed","sticky":false,"template":"","format":"standard","meta":{"footnotes":""},"categories":[7],"tags":[],"class_list":["post-3108","post","type-post","status-publish","format-standard","hentry","category-cnbb"],"_links":{"self":[{"href":"https:\/\/catolicanet.net\/wp-cnet\/wp-json\/wp\/v2\/posts\/3108","targetHints":{"allow":["GET"]}}],"collection":[{"href":"https:\/\/catolicanet.net\/wp-cnet\/wp-json\/wp\/v2\/posts"}],"about":[{"href":"https:\/\/catolicanet.net\/wp-cnet\/wp-json\/wp\/v2\/types\/post"}],"author":[{"embeddable":true,"href":"https:\/\/catolicanet.net\/wp-cnet\/wp-json\/wp\/v2\/users\/1"}],"replies":[{"embeddable":true,"href":"https:\/\/catolicanet.net\/wp-cnet\/wp-json\/wp\/v2\/comments?post=3108"}],"version-history":[{"count":1,"href":"https:\/\/catolicanet.net\/wp-cnet\/wp-json\/wp\/v2\/posts\/3108\/revisions"}],"predecessor-version":[{"id":7744,"href":"https:\/\/catolicanet.net\/wp-cnet\/wp-json\/wp\/v2\/posts\/3108\/revisions\/7744"}],"wp:attachment":[{"href":"https:\/\/catolicanet.net\/wp-cnet\/wp-json\/wp\/v2\/media?parent=3108"}],"wp:term":[{"taxonomy":"category","embeddable":true,"href":"https:\/\/catolicanet.net\/wp-cnet\/wp-json\/wp\/v2\/categories?post=3108"},{"taxonomy":"post_tag","embeddable":true,"href":"https:\/\/catolicanet.net\/wp-cnet\/wp-json\/wp\/v2\/tags?post=3108"}],"curies":[{"name":"wp","href":"https:\/\/api.w.org\/{rel}","templated":true}]}}