{"id":3102,"date":"2013-10-14T18:33:15","date_gmt":"2013-10-14T21:33:15","guid":{"rendered":"http:\/\/catolicanet.net\/wp-cnet\/patriarca-boutros-rai-sobre-conflito-na-siria-qocidente-deve-pedir-agora-que-a-paz-seja-restabelecidaq\/"},"modified":"2017-03-23T15:57:31","modified_gmt":"2017-03-23T18:57:31","slug":"patriarca-boutros-rai-sobre-conflito-na-siria-qocidente-deve-pedir-agora-que-a-paz-seja-restabelecidaq","status":"publish","type":"post","link":"https:\/\/catolicanet.net\/wp-cnet\/patriarca-boutros-rai-sobre-conflito-na-siria-qocidente-deve-pedir-agora-que-a-paz-seja-restabelecidaq\/","title":{"rendered":"Patriarca Boutros Rai sobre conflito na S\u00edria: &#8220;Ocidente deve pedir agora que a paz seja restabelecida&#8221;"},"content":{"rendered":"<p style=\"text-align: justify;\"><img decoding=\"async\" src=\"http:\/\/catolicanet.com.br\/images\/stories\/patriarcaboutrosrai.jpg\" border=\"0\" align=\"left\" \/>&#8220;O objetivo hip\u00f3crita da guerra na S\u00edria \u00e9 esvaziar o Oriente M\u00e9dio de sua civiliza\u00e7\u00e3o crist\u00e3o-isl\u00e2mica e manter um estado de guerra permanente na regi\u00e3o para fins pol\u00edticos e econ\u00f4micos.&#8221;<\/p>\n<p>Estas palavras foram proferidas pelo Patriarca de Antioquia dos Maronitas, Cardeal Bechara Boutros Rai, que recentemente recebeu a visita de uma delega\u00e7\u00e3o de representantes de onze associa\u00e7\u00f5es crist\u00e3s e mu\u00e7ulmanas da Fran\u00e7a que foram ao L\u00edbano manifestar sua solidariedade ao pa\u00eds, que h\u00e1 meses enfrenta a emerg\u00eancia humanit\u00e1ria causada pelo conflito na S\u00edria.<\/p>\n<p>Uma situa\u00e7\u00e3o que com o aproximar-se do inverno pode se tornar uma cat\u00e1strofe humanit\u00e1ria. Mais de um milh\u00e3o e quinhentos mil refugiados s\u00edrios est\u00e3o sem moradia decente, sem escola e assist\u00eancia m\u00e9dica. Foi reiterado o apelo \u00e0 comunidade internacional a n\u00e3o poupar esfor\u00e7os para ajudar essas pessoas.<\/p>\n<p>Segundo o jornal local &#8220;L\u2019Orien-le-Jour&#8221;, o purpurado se dirigiu particularmente aos pa\u00edses ocidentais: &#8220;O Ocidente que at\u00e9 pouco tempo atr\u00e1s invocava o envio de armas para a S\u00edria deve levantar sua voz e pedir agora que a paz seja restabelecida&#8221;.<\/p>\n<p>Sobre a proposta de alguns pa\u00edses de aceitar quotas de refugiados, o Cardeal Boutros Ra\u00ed disse que isso &#8220;significa querer desarraigar um povo, destruir a civiliza\u00e7\u00e3o crist\u00e3o-mu\u00e7ulmana constru\u00edda em 13-14 s\u00e9culos de coexist\u00eancia&#8221;.<\/p>\n<p>Fizeram parte da delega\u00e7\u00e3o francesa guiada pelo Bispo de Troyes, Dom Marc Stenger, tr\u00eas representantes da Pax Christi Fran\u00e7a, da Confer\u00eancia dos Religiosos da Fran\u00e7a, da Secours Islamique France, da Secours Catholique-Caritas France e L&#8217;Oeuvre d&#8217;Orient.<\/p>\n<p>A delega\u00e7\u00e3o fez um apelo a todas as organiza\u00e7\u00f5es religiosas e ONGs francesas a se unirem para levar ao povo s\u00edrio uma mensagem de solidariedade e esperan\u00e7a.<\/p>\n<p style=\"text-align: justify;\">\u00a0<\/p>\n<p style=\"text-align: justify;\">L<strong>ocal: Beirute<br \/>Fonte: R\u00e1dio Vaticano<\/strong><\/p>\n","protected":false},"excerpt":{"rendered":"<p>&#8220;O objetivo hip\u00f3crita da guerra na S\u00edria \u00e9 esvaziar o Oriente M\u00e9dio de sua civiliza\u00e7\u00e3o crist\u00e3o-isl\u00e2mica e manter um estado de guerra permanente na regi\u00e3o para fins pol\u00edticos e econ\u00f4micos.&#8221; Estas palavras foram proferidas pelo Patriarca de Antioquia dos Maronitas, Cardeal Bechara Boutros Rai, que recentemente recebeu a visita de uma delega\u00e7\u00e3o de representantes de [&hellip;]<\/p>\n","protected":false},"author":1,"featured_media":0,"comment_status":"closed","ping_status":"closed","sticky":false,"template":"","format":"standard","meta":{"footnotes":""},"categories":[3],"tags":[],"class_list":["post-3102","post","type-post","status-publish","format-standard","hentry","category-vaticano"],"_links":{"self":[{"href":"https:\/\/catolicanet.net\/wp-cnet\/wp-json\/wp\/v2\/posts\/3102","targetHints":{"allow":["GET"]}}],"collection":[{"href":"https:\/\/catolicanet.net\/wp-cnet\/wp-json\/wp\/v2\/posts"}],"about":[{"href":"https:\/\/catolicanet.net\/wp-cnet\/wp-json\/wp\/v2\/types\/post"}],"author":[{"embeddable":true,"href":"https:\/\/catolicanet.net\/wp-cnet\/wp-json\/wp\/v2\/users\/1"}],"replies":[{"embeddable":true,"href":"https:\/\/catolicanet.net\/wp-cnet\/wp-json\/wp\/v2\/comments?post=3102"}],"version-history":[{"count":1,"href":"https:\/\/catolicanet.net\/wp-cnet\/wp-json\/wp\/v2\/posts\/3102\/revisions"}],"predecessor-version":[{"id":7753,"href":"https:\/\/catolicanet.net\/wp-cnet\/wp-json\/wp\/v2\/posts\/3102\/revisions\/7753"}],"wp:attachment":[{"href":"https:\/\/catolicanet.net\/wp-cnet\/wp-json\/wp\/v2\/media?parent=3102"}],"wp:term":[{"taxonomy":"category","embeddable":true,"href":"https:\/\/catolicanet.net\/wp-cnet\/wp-json\/wp\/v2\/categories?post=3102"},{"taxonomy":"post_tag","embeddable":true,"href":"https:\/\/catolicanet.net\/wp-cnet\/wp-json\/wp\/v2\/tags?post=3102"}],"curies":[{"name":"wp","href":"https:\/\/api.w.org\/{rel}","templated":true}]}}