{"id":3075,"date":"2013-10-10T19:23:12","date_gmt":"2013-10-10T22:23:12","guid":{"rendered":"http:\/\/catolicanet.net\/wp-cnet\/lampedusa-ajuda-distribuida-aos-imigrantes-em-nome-do-papa\/"},"modified":"2017-03-22T13:56:48","modified_gmt":"2017-03-22T16:56:48","slug":"lampedusa-ajuda-distribuida-aos-imigrantes-em-nome-do-papa","status":"publish","type":"post","link":"https:\/\/catolicanet.net\/wp-cnet\/lampedusa-ajuda-distribuida-aos-imigrantes-em-nome-do-papa\/","title":{"rendered":"Lampedusa: Ajuda distribu\u00edda aos imigrantes em nome do Papa"},"content":{"rendered":"<p style=\"text-align: justify;\"><img decoding=\"async\" src=\"http:\/\/catolicanet.com.br\/images\/stories\/lampedusa1.jpg\" border=\"0\" align=\"left\" \/>O Papa Francisco continua acompanhando com aten\u00e7\u00e3o a situa\u00e7\u00e3o dos refugiados na ilha de Lampedusa, sul da It\u00e1lia. O seu pensamento est\u00e1 voltado para as condi\u00e7\u00f5es de vida dos refugiados e seu futuro.<br \/>Nesta quarta-feira, o Santo Padre recebeu o relat\u00f3rio completo de seu elemosineiro, Dom Konrad Krajewski, que voltou da ilha de Lampedusa depois da miss\u00e3o de uma semana em seu nome.<\/p>\n<p>&#8220;Uma presen\u00e7a que realmente nos fez sentir o Papa Francisco ao nosso lado, neste momento de profunda tristeza. Um gesto apreciado por todos, mas tamb\u00e9m fundamental para o apoio espiritual e psicol\u00f3gico de mergulhadores que emergem do mar trazendo corpos sem vida e nos olhos imagens angustiantes de cad\u00e1veres que apertavam no peito uma cruz, sinal da consci\u00eancia de que a morte estava se aproximando&#8221;, disse o Arcebispo de Agrigento, Dom Francesco Montenegro.<\/p>\n<p>Segundo o jornal da Santa S\u00e9, L&#8217;Osservatore Romano, est\u00e3o sendo avaliadas quais outras iniciativas podem ser realizadas em favor dos refugiados com a ajuda do Papa. Com a soma levada pelo elemosineiro do pont\u00edfice foram comprados 1.600 cart\u00f5es telef\u00f4nicos que foram distribu\u00eddos entre os imigrantes a fim de que possam manter contato com seus parentes distantes. Foi tamb\u00e9m comprada uma tenda equipada com jogos para as crian\u00e7as que ali se encontram.<\/p>\n<p>Durante a \u00faltima imers\u00e3o foi colocado um Ros\u00e1rio aben\u00e7oado pelo Papa Francisco na embarca\u00e7\u00e3o que afundou.<\/p>\n<p style=\"text-align: justify;\">\u00a0<\/p>\n<p style=\"text-align: justify;\"><strong>Local: Cidade do Vaticano<br \/>Fonte: R\u00e1dio Vaticano<\/strong><\/p>\n","protected":false},"excerpt":{"rendered":"<p>O Papa Francisco continua acompanhando com aten\u00e7\u00e3o a situa\u00e7\u00e3o dos refugiados na ilha de Lampedusa, sul da It\u00e1lia. O seu pensamento est\u00e1 voltado para as condi\u00e7\u00f5es de vida dos refugiados e seu futuro.Nesta quarta-feira, o Santo Padre recebeu o relat\u00f3rio completo de seu elemosineiro, Dom Konrad Krajewski, que voltou da ilha de Lampedusa depois da [&hellip;]<\/p>\n","protected":false},"author":1,"featured_media":0,"comment_status":"closed","ping_status":"closed","sticky":false,"template":"","format":"standard","meta":{"footnotes":""},"categories":[3],"tags":[],"class_list":["post-3075","post","type-post","status-publish","format-standard","hentry","category-vaticano"],"_links":{"self":[{"href":"https:\/\/catolicanet.net\/wp-cnet\/wp-json\/wp\/v2\/posts\/3075","targetHints":{"allow":["GET"]}}],"collection":[{"href":"https:\/\/catolicanet.net\/wp-cnet\/wp-json\/wp\/v2\/posts"}],"about":[{"href":"https:\/\/catolicanet.net\/wp-cnet\/wp-json\/wp\/v2\/types\/post"}],"author":[{"embeddable":true,"href":"https:\/\/catolicanet.net\/wp-cnet\/wp-json\/wp\/v2\/users\/1"}],"replies":[{"embeddable":true,"href":"https:\/\/catolicanet.net\/wp-cnet\/wp-json\/wp\/v2\/comments?post=3075"}],"version-history":[{"count":1,"href":"https:\/\/catolicanet.net\/wp-cnet\/wp-json\/wp\/v2\/posts\/3075\/revisions"}],"predecessor-version":[{"id":7290,"href":"https:\/\/catolicanet.net\/wp-cnet\/wp-json\/wp\/v2\/posts\/3075\/revisions\/7290"}],"wp:attachment":[{"href":"https:\/\/catolicanet.net\/wp-cnet\/wp-json\/wp\/v2\/media?parent=3075"}],"wp:term":[{"taxonomy":"category","embeddable":true,"href":"https:\/\/catolicanet.net\/wp-cnet\/wp-json\/wp\/v2\/categories?post=3075"},{"taxonomy":"post_tag","embeddable":true,"href":"https:\/\/catolicanet.net\/wp-cnet\/wp-json\/wp\/v2\/tags?post=3075"}],"curies":[{"name":"wp","href":"https:\/\/api.w.org\/{rel}","templated":true}]}}