{"id":3048,"date":"2013-10-09T12:19:07","date_gmt":"2013-10-09T15:19:07","guid":{"rendered":"http:\/\/catolicanet.net\/wp-cnet\/audiencia-qa-igreja-nao-e-um-grupo-de-elite-mas-a-casa-de-toda-a-humanidadeq\/"},"modified":"2017-03-22T14:27:27","modified_gmt":"2017-03-22T17:27:27","slug":"audiencia-qa-igreja-nao-e-um-grupo-de-elite-mas-a-casa-de-toda-a-humanidadeq","status":"publish","type":"post","link":"https:\/\/catolicanet.net\/wp-cnet\/audiencia-qa-igreja-nao-e-um-grupo-de-elite-mas-a-casa-de-toda-a-humanidadeq\/","title":{"rendered":"Audi\u00eancia: &#8220;A Igreja n\u00e3o \u00e9 um grupo de elite, mas a casa de toda a humanidade&#8221;"},"content":{"rendered":"<p style=\"text-align: justify;\"><img decoding=\"async\" src=\"http:\/\/catolicanet.com.br\/images\/stories\/papaemmeiodeguardaschuvas.jpg\" border=\"0\" align=\"left\" \/>Milhares de fi\u00e9is e peregrinos, mais de 80 mil, lotaram a Pra\u00e7a S. Pedro desde as primeiras horas da manh\u00e3 para participar da Audi\u00eancia Geral com o Papa Francisco \u2013 a 20\u00aa de seu pontificado.<\/p>\n<p>Antes das 10h, o Pont\u00edfice j\u00e1 estava na Pra\u00e7a, com o seu jipe, para receber e retribuir o carinho dos fi\u00e9is, apesar da chuva que caiu naquele momento. De fato, ao tomar a palavra, o Papa parabenizou a \u201ccoragem\u201d dos presentes frente a este mau tempo. Na catequese sobre o Credo neste Ano da F\u00e9, o Papa discorreu sobre uma das caracter\u00edsticas da Igreja, a catolicidade.<\/p>\n<p>Confessamos que a Igreja \u00e9 cat\u00f3lica, primeiro porque a todos oferece a f\u00e9 por completo. A Igreja nos faz encontrar a miseric\u00f3rdia de Deus, que nos transforma. Nela est\u00e1 presente Jesus Cristo, que lhe d\u00e1 a verdadeira confiss\u00e3o de f\u00e9, a plenitude da vida sacramental, a autenticidade do minist\u00e9rio ordenado. Na Igreja, como acontece numa fam\u00edlia, encontramos tudo o que nos permite crescer, amadurecer e viver como crist\u00e3os. N\u00e3o se pode caminhar e crescer sozinhos, mas sim em comunidade.<\/p>\n<p>Ir \u00e0 Igreja, disse o Santo Padre, n\u00e3o \u00e9 como ir ao est\u00e1dio para ver um jogo de futebol ou ir ao cinema. \u00c9 preciso nos interrogar sobre como acolhemos os dons que a Igreja oferece: \u201cParticipo da vida da comunidade ou me fecho nos meus problemas, isolando-me? Nesse sentido a Igreja \u00e9 cat\u00f3lica porque \u00e9 a casa de todos. Todos s\u00e3o filhos da Igreja.<\/p>\n<p>Em segundo lugar, a Igreja \u00e9 cat\u00f3lica, porque \u00e9 universal, espalhada em todas as partes do mundo.<\/p>\n<p><strong>A Igreja n\u00e3o \u00e9 um grupo de elite, n\u00e3o diz respeito somente a algumas pessoas, a Igreja n\u00e3o faz restri\u00e7\u00f5es. Ela \u00e9 enviada \u00e0 totalidade do g\u00eanero humano e est\u00e1 presente em todo o lado mesmo na menor das par\u00f3quias, porque tamb\u00e9m ela \u00e9 parte da Igreja universal, tem a plenitude dos dons de Cristo, vive em comunh\u00e3o com o Bispo, com o Papa e est\u00e1 aberta a todos sem distin\u00e7\u00e3o. A igreja n\u00e3o est\u00e1 somente na sombra do nosso campan\u00e1rio, mas abra\u00e7a uma vastid\u00e3o de pessoas, de povos que professam a mesma f\u00e9. Todos estamos em miss\u00e3o, temos que abrir as nossas portas e sair para anunciar o Evangelho.<\/strong><\/p>\n<p>Por fim, a Igreja \u00e9 cat\u00f3lica, porque \u00e9 a casa da harmonia. Nela, se conjugam numa grande riqueza unidade e diversidade; como numa orquestra, onde a variedade dos instrumentos n\u00e3o se contrap\u00f5e, assim na Igreja, h\u00e1 uma variedade que se deixa harmoniosamente fundir na unidade pelo Esp\u00edrito Santo.<\/p>\n<p><strong>Esta \u00e9 uma bela imagem. N\u00e3o somos todos iguais e n\u00e3o devemos s\u00ea-lo. Todos somos diferentes, cada um com as pr\u00f3prias qualidades. E esta \u00e9 a beleza da Igreja. Cada um contribui com aquilo que Jesus deu para enriquecer um ao outro. \u00c9 uma diversidade que n\u00e3o entra em conflito, n\u00e3o se contrap\u00f5e. Onde h\u00e1 intriga, n\u00e3o h\u00e1 harmonia. \u00c9 luta. Jamais devemos falar mal uns dos outros. Aceitemos o outro, aceitemos que exista uma justa variedade. A uniformidade mata a vida, os dons do Esp\u00edrito Santo. Pe\u00e7amos a ele que nos torne sempre mais cat\u00f3licos, ou seja, universais.<\/strong><\/p>\n<p>Ao cumprimentar os peregrinos de l\u00edngua portuguesa, o Pont\u00edfice saudou de modo especial os fi\u00e9is de duas par\u00f3quias do Rio de Janeiro e de S\u00e3o Jos\u00e9 dos Campos e os religiosos brasileiros em Roma.<\/p>\n<p>A seguir, recordou que ap\u00f3s a visita, um ano atr\u00e1s, de Bento XVI ao L\u00edbano, a l\u00edngua \u00e1rabe foi inserida na Audi\u00eancia Geral, para expressar a todos os crist\u00e3os do Oriente M\u00e9dio a proximidade da Igreja. E pediu, novamente, que rezemos pela paz no Oriente M\u00e9dio: na S\u00edria, no Iraque, no Egito, no L\u00edbano e na Terra Santa, \u201conde nasceu o Pr\u00edncipe da Paz, Jesus Cristo\u201d.<\/p>\n<p>Dirigindo-se aos bispos da Confer\u00eancia Episcopal regional do norte da \u00c1frica, Francisco os encorajou a &#8220;consolidarem as rela\u00e7\u00f5es fraternas com os irm\u00e3os mu\u00e7ulmanos&#8221;.<\/p>\n<p>Ao saudar os Bispos da Igreja de tradi\u00e7\u00e3o alexandrina da Eti\u00f3pia e Eritreia, o Pont\u00edfice mais uma vez expressou sua solidariedade na ora\u00e7\u00e3o e na dor pelos muitos filhos dessas terras que perderam a vida na trag\u00e9dia de Lampedusa.<\/p>\n<p style=\"text-align: justify;\">\u00a0<\/p>\n<p style=\"text-align: justify;\"><strong>Fonte: R\u00e1dio Vaticano<br \/>Local:<\/strong> Cidade do Vaticano<\/p>\n","protected":false},"excerpt":{"rendered":"<p>Milhares de fi\u00e9is e peregrinos, mais de 80 mil, lotaram a Pra\u00e7a S. Pedro desde as primeiras horas da manh\u00e3 para participar da Audi\u00eancia Geral com o Papa Francisco \u2013 a 20\u00aa de seu pontificado. Antes das 10h, o Pont\u00edfice j\u00e1 estava na Pra\u00e7a, com o seu jipe, para receber e retribuir o carinho dos [&hellip;]<\/p>\n","protected":false},"author":1,"featured_media":0,"comment_status":"closed","ping_status":"closed","sticky":false,"template":"","format":"standard","meta":{"footnotes":""},"categories":[3],"tags":[],"class_list":["post-3048","post","type-post","status-publish","format-standard","hentry","category-vaticano"],"_links":{"self":[{"href":"https:\/\/catolicanet.net\/wp-cnet\/wp-json\/wp\/v2\/posts\/3048","targetHints":{"allow":["GET"]}}],"collection":[{"href":"https:\/\/catolicanet.net\/wp-cnet\/wp-json\/wp\/v2\/posts"}],"about":[{"href":"https:\/\/catolicanet.net\/wp-cnet\/wp-json\/wp\/v2\/types\/post"}],"author":[{"embeddable":true,"href":"https:\/\/catolicanet.net\/wp-cnet\/wp-json\/wp\/v2\/users\/1"}],"replies":[{"embeddable":true,"href":"https:\/\/catolicanet.net\/wp-cnet\/wp-json\/wp\/v2\/comments?post=3048"}],"version-history":[{"count":1,"href":"https:\/\/catolicanet.net\/wp-cnet\/wp-json\/wp\/v2\/posts\/3048\/revisions"}],"predecessor-version":[{"id":7315,"href":"https:\/\/catolicanet.net\/wp-cnet\/wp-json\/wp\/v2\/posts\/3048\/revisions\/7315"}],"wp:attachment":[{"href":"https:\/\/catolicanet.net\/wp-cnet\/wp-json\/wp\/v2\/media?parent=3048"}],"wp:term":[{"taxonomy":"category","embeddable":true,"href":"https:\/\/catolicanet.net\/wp-cnet\/wp-json\/wp\/v2\/categories?post=3048"},{"taxonomy":"post_tag","embeddable":true,"href":"https:\/\/catolicanet.net\/wp-cnet\/wp-json\/wp\/v2\/tags?post=3048"}],"curies":[{"name":"wp","href":"https:\/\/api.w.org\/{rel}","templated":true}]}}