{"id":3047,"date":"2013-10-09T12:12:25","date_gmt":"2013-10-09T15:12:25","guid":{"rendered":"http:\/\/catolicanet.net\/wp-cnet\/expectativa-para-deslocacao-da-imagem-de-nossa-senhora-de-fatima-ao-vaticano\/"},"modified":"2017-03-22T14:28:56","modified_gmt":"2017-03-22T17:28:56","slug":"expectativa-para-deslocacao-da-imagem-de-nossa-senhora-de-fatima-ao-vaticano","status":"publish","type":"post","link":"https:\/\/catolicanet.net\/wp-cnet\/expectativa-para-deslocacao-da-imagem-de-nossa-senhora-de-fatima-ao-vaticano\/","title":{"rendered":"Expectativa para desloca\u00e7\u00e3o da imagem de Nossa Senhora de F\u00e1tima ao Vaticano"},"content":{"rendered":"<p style=\"text-align: justify;\"><img decoding=\"async\" src=\"http:\/\/catolicanet.com.br\/images\/stories\/imagemnossasenhoradefatima.jpg\" border=\"0\" align=\"left\" \/>O Bispo da Diocese Leiria-F\u00e1tima, . Ant\u00f3nio Marto, declarou que a viagem ao Vaticano da imagem venerada na Capelinha das Apari\u00e7\u00f5es vai refor\u00e7ar a liga\u00e7\u00e3o do papado \u00e0 mensagem de F\u00e1tima e a dimens\u00e3o mundial do santu\u00e1rio.<\/p>\n<p>Segundo D. Ant\u00f3nio Marto, esta escolha \u00e9 \u201cuma homenagem\u201d e um \u201cmotivo de alegria e de honra\u201d que se deve ao fato de Nossa Senhora de F\u00e1tima ser \u201cum \u00edcone representativo para todo o mundo crist\u00e3o\u201d.<\/p>\n<p>Em entrevista \u00e0 Ag\u00eancia Ecclesia, o prelado explica que \u201cfoi uma surpresa\u201d o telefonema que recebeu \u201cem meados de janeiro de 2013\u201d, solicitando, na \u00e9poca, em nome de Bento XVI, que a imagem venerada na Cova da Iria fosse a Roma participar na Jornada Mariana do Ano da F\u00e9, entre s\u00e1bado e domingo.<\/p>\n<p>Depois da elei\u00e7\u00e3o do novo Papa, o prelado recebeu uma carta confirmando que Francisco \u201cmanifestava o mesmo desejo\u201d, \u201cpara confiar o mundo neste momento de escurid\u00e3o e de amea\u00e7as de guerras\u201d, ao Imaculado Cora\u00e7\u00e3o de Maria.<\/p>\n<p>Nossa Senhora de F\u00e1tima \u201c\u00e9 a testemunha e o modelo por excel\u00eancia da f\u00e9\u201d e, as apari\u00e7\u00f5es ocorreram \u201cnum momento hist\u00f3rico da humanidade, que corria o risco de uma autodestrui\u00e7\u00e3o e da Igreja, que corria o risco do aniquilamento por parte da persegui\u00e7\u00e3o de poderes ou pot\u00eancias ateias\u201d, observa D. Ant\u00f3nio Marto.<\/p>\n<p>Os dias 12 e 13 de outubro ser\u00e3o o \u00e1pice cume da celebra\u00e7\u00e3o do Ano da F\u00e9 no Santu\u00e1rio de F\u00e1tima, e a presen\u00e7a do Secret\u00e1rio de Estado, Card. Tarcisio Bertone, num dos seus \u00faltimos atos p\u00fablicos, \u201creal\u00e7a esta comunh\u00e3o e sintonia do Papa com o Santu\u00e1rio\u201d.<\/p>\n<p style=\"text-align: justify;\"><strong>Fonte: R\u00e1dio Vaticano<br \/>Local:<\/strong> F\u00e1tima<\/p>\n","protected":false},"excerpt":{"rendered":"<p>O Bispo da Diocese Leiria-F\u00e1tima, . Ant\u00f3nio Marto, declarou que a viagem ao Vaticano da imagem venerada na Capelinha das Apari\u00e7\u00f5es vai refor\u00e7ar a liga\u00e7\u00e3o do papado \u00e0 mensagem de F\u00e1tima e a dimens\u00e3o mundial do santu\u00e1rio. Segundo D. Ant\u00f3nio Marto, esta escolha \u00e9 \u201cuma homenagem\u201d e um \u201cmotivo de alegria e de honra\u201d que [&hellip;]<\/p>\n","protected":false},"author":1,"featured_media":0,"comment_status":"closed","ping_status":"closed","sticky":false,"template":"","format":"standard","meta":{"footnotes":""},"categories":[3],"tags":[],"class_list":["post-3047","post","type-post","status-publish","format-standard","hentry","category-vaticano"],"_links":{"self":[{"href":"https:\/\/catolicanet.net\/wp-cnet\/wp-json\/wp\/v2\/posts\/3047","targetHints":{"allow":["GET"]}}],"collection":[{"href":"https:\/\/catolicanet.net\/wp-cnet\/wp-json\/wp\/v2\/posts"}],"about":[{"href":"https:\/\/catolicanet.net\/wp-cnet\/wp-json\/wp\/v2\/types\/post"}],"author":[{"embeddable":true,"href":"https:\/\/catolicanet.net\/wp-cnet\/wp-json\/wp\/v2\/users\/1"}],"replies":[{"embeddable":true,"href":"https:\/\/catolicanet.net\/wp-cnet\/wp-json\/wp\/v2\/comments?post=3047"}],"version-history":[{"count":1,"href":"https:\/\/catolicanet.net\/wp-cnet\/wp-json\/wp\/v2\/posts\/3047\/revisions"}],"predecessor-version":[{"id":7316,"href":"https:\/\/catolicanet.net\/wp-cnet\/wp-json\/wp\/v2\/posts\/3047\/revisions\/7316"}],"wp:attachment":[{"href":"https:\/\/catolicanet.net\/wp-cnet\/wp-json\/wp\/v2\/media?parent=3047"}],"wp:term":[{"taxonomy":"category","embeddable":true,"href":"https:\/\/catolicanet.net\/wp-cnet\/wp-json\/wp\/v2\/categories?post=3047"},{"taxonomy":"post_tag","embeddable":true,"href":"https:\/\/catolicanet.net\/wp-cnet\/wp-json\/wp\/v2\/tags?post=3047"}],"curies":[{"name":"wp","href":"https:\/\/api.w.org\/{rel}","templated":true}]}}