{"id":30453,"date":"2017-06-05T18:00:55","date_gmt":"2017-06-05T21:00:55","guid":{"rendered":"http:\/\/catolicanet.net\/wp-cnet\/2017\/06\/05\/pastoral-carceraria-realiza-assembleia-estadual-em-catanduva\/"},"modified":"2017-06-07T13:48:34","modified_gmt":"2017-06-07T16:48:34","slug":"pastoral-carceraria-realiza-assembleia-estadual-em-catanduva","status":"publish","type":"post","link":"https:\/\/catolicanet.net\/wp-cnet\/pastoral-carceraria-realiza-assembleia-estadual-em-catanduva\/","title":{"rendered":"Pastoral Carcer\u00e1ria realiza assembleia estadual em Catanduva"},"content":{"rendered":"<p style=\"text-align: justify;\"><img decoding=\"async\" src=\"http:\/\/www.catolicanet.com.br\/images\/stories\/noticias2017\/foto-oficial1_reduzida.jpg\" border=\"0\" align=\"left\" \/>Realizou-se entre os dias 5 a 7 de maio na diocese de Catanduva (SP) mais uma Assembleia da Pastoral Carcer\u00e1ria do Estado de S\u00e3o Paulo. Participaram 130 agentes de pastoral que atuam em 40 dioceses do Regional Sul 1 da Confer\u00eancia Nacional dos Bispos do Brasil (CNBB).<\/p>\n<p>O evento come\u00e7ou na parte da tarde de sexta feira com as boas vindas, as inscri\u00e7\u00f5es, entrega do material, a acomoda\u00e7\u00e3o nas estruturas do antigo semin\u00e1rio, a apresenta\u00e7\u00e3o da pauta,e o momento mariano da reza do ter\u00e7o conduzido pela Assessora da PCr Estadual, Irm\u00e3 Ideni Bernardes.<\/p>\n<p>O dia seguinte, a celebra\u00e7\u00e3o da eucaristia, com as boas vindas do anfitri\u00e3o da casa e Bispo referencial da Pastoral Carcer\u00e1ria do Regional Dom Otac\u00edlio Luziano da Silva, deu inicio ao intenso fim de semana de atividade pastoral.<br \/>Dom Otac\u00edlio tratou de v\u00e1rios aspectos da devo\u00e7\u00e3o mariana e seu significado no contexto dos 300 anos do reencontro da imagem de Nossa Senhora da Concei\u00e7\u00e3o Aparecida no rio Para\u00edba, especificando a import\u00e2ncia da devo\u00e7\u00e3o Mariana para toda Igreja.<\/p>\n<p>A seguir, Ariel de Campos e Margarida Rondon, Assessoras da PCr-SP\/CNBB-SUL1, expuseram ao estado um proposta para auxiliar a comunica\u00e7\u00e3o e a divulga\u00e7\u00e3o da Pastoral Carcer\u00e1ria Estadual: o Projeto \u201cPacline\u201d que consiste num Site para divulgar os trabalhos de todas as equipes pastorais no estado\u00a0 e num canal de Youtube que divulgar\u00e1 v\u00eddeos sobre temas relacionados ao trabalho da PCr. No primeiro v\u00eddeo foi apresentada a palavra de Dom Otac\u00edlio e algumas lideran\u00e7as da PCr no estado sobre o trabalho das Pastorais Sociais com enfoque no trabalho da Pastoral Carcer\u00e1ria. Destaca-se, na fala de Dom Otac\u00edlio que: \u201c As Pastorais Socais nascem da profunda liga\u00e7\u00e3o com Jesus Cristo e com a Igreja\u201d\u2026 \u201cPastoral Social bem feita \u00e9 aquela que nasce da f\u00e9 em Jesus Cristo\u201d.<\/p>\n<p>Dando prosseguimento, o Assessor Espiritual da Pastoral Carcer\u00e1ria Estadual, Padre Emerson Andrade de Lima, transmitiu uma pequena palavra aos participantes, exortando a todos sobre a necessidade de nossa Miss\u00e3o Pastoral. Lembrou que somos Igreja no C\u00e1rcere e que nossa atua\u00e7\u00e3o deve partir, em primeiro lugar, da esperan\u00e7a no Cristo Ressuscitado.<\/p>\n<p>O final da manh\u00e3 foi conduzido pelo assessor jur\u00eddico da Pastoral Francisco Crozera, que falou sobre o decreto de indulto para as mulheres e a Lei 13.257\/2016, que prev\u00ea a pris\u00e3o domiciliar para as mulheres gr\u00e1vidas e com crian\u00e7as com idade inferior a 12 anos. Ele foi enf\u00e1tico em afirmar como a causa do encarceramento tem a ver com a guerra as drogas, maior causa de aprisionamento das mulheres que beira o 68% dos casos contra o 30% dos homens.<\/p>\n<p>Ap\u00f3s o almo\u00e7o, Deyvid Livrini, Coordenador Estadual da PCr-SP, exp\u00f4s os relat\u00f3rios dos 2 anos de atividade da Coordena\u00e7\u00e3o Estadual. Falou sobre o trabalho do escrit\u00f3rio, sobre as visitas e forma\u00e7\u00f5es da Coordena\u00e7\u00e3o \u00e9 agradeceu a todo o Estado pela confian\u00e7a depositada na Coordena\u00e7\u00e3o Estadual.<br \/>Coordena\u00e7\u00f5es eleitas_reduzidda<br \/>Mais tarde, sob a condu\u00e7\u00e3o de Dra. Ant\u00f4nia Alexandrina, Vice Coordenadora Estadual da PCr-SP, come\u00e7ou com o momento eletivo, leitura dos artigos do regimento interno referentes \u00e0 elei\u00e7\u00e3o da Coordena\u00e7\u00e3o Estadual e das Coordena\u00e7\u00f5es de Sub-Regional. Durante este momento v\u00e1rias dioceses e sub-regionais agradeceram o trabalho da coordena\u00e7\u00e3o estadual ao longo dos \u00faltimos dois anos e pediram a continua\u00e7\u00e3o da mesma para mais outros dois anos.<br \/>Devido a aprova\u00e7\u00e3o un\u00e2nime do estado, e n\u00e3o e apresentando outra candidatura, Deyvid Livrrini foi aclamado como Coordenador Estadual da Pastoral Carcer\u00e1ria do Estado de S\u00e3o Paulo para os pr\u00f3ximos dois anos. Dom Otacilio, seguindo o regimento, perguntou se Deyvid aceitava. O mesmo aceitou e solicitou autoriza\u00e7\u00e3o do estado para manter a mesma equipe, al\u00e9m dos citados: Padre Emersom e Dra. Antonia a recondu\u00e7\u00e3o do Secret\u00e1rio Executivo Estadual, senhor Adolfo Oliosi. O estado aceitou tal solicita\u00e7\u00e3o.<\/p>\n<p>A \u00faltima parte do dia de s\u00e1bado foi assessorada pelo Padre Valdir Silveira, coordenador da Pastoral Carcer\u00e1ria Nacional e da Arquidiocese de S\u00e3o Paulo. Na sua apresenta\u00e7\u00e3o ele recordou a caminhada da Pastoral Carcer\u00e1ria e sua coloca\u00e7\u00e3o no \u00e2mbito das Pastorais Sociais, trazendo dados que confirmam como \u00e9 importante a dimens\u00e3o prof\u00e9tica e de den\u00fancia alimentada pelo sonho de um mundo sem c\u00e1rceres, que tem na Agenda para o Desencarceramento e o Relat\u00f3rio sobre a Tortura em Tempos de Encarceramento em Massa, dois instrumentos preciosos de a\u00e7\u00e3o pastoral e promo\u00e7\u00e3o humana colocados nas m\u00e3os dos agentes da Pastoral Carcer\u00e1ria.<\/p>\n<p>E no domingo, o Cantor Claucio Lima, Egresso do Sistema Prisional, deu um testemunho de convers\u00e3o, salientou a import\u00e2ncia do trabalho da PCr e divulgou seu trabalho de Evangeliza\u00e7\u00e3o atrav\u00e9s da m\u00fasica. Ap\u00f3s isso foi realizado um trabalho em grupos divididos por sub regionais, fazendo o balan\u00e7o das atividades e avan\u00e7os destes anos e tamb\u00e9m apresentando as dificuldades a serem superadas e vencidas na a\u00e7\u00e3o pastoral que est\u00e1 diante de n\u00f3s nos pr\u00f3ximos meses e anos.<\/p>\n<p>Os agentes tamb\u00e9m foram lembrados sobre a peregrina\u00e7\u00e3o da Pastoral Carcer\u00e1ria Nacional, que ir\u00e1 ocorrer no dia 8 de outubro em Aparecida, por ocasi\u00e3o do ano mariano, a missa dos 25 anos do massacre do Carandiru, os 20 anos da Campanha da Fraternidade de 1997 sobre o c\u00e1rcere, e o encontro Estadual no dia 25 de novembro em S\u00e3o Paulo.<br \/>Com informa\u00e7\u00f5es da Pastoral Carcer\u00e1ria<\/p>\n<p style=\"text-align: justify;\">\u00a0<\/p>\n<p style=\"text-align: justify;\">Fonte: CNBB<\/p>\n","protected":false},"excerpt":{"rendered":"<p>Realizou-se entre os dias 5 a 7 de maio na diocese de Catanduva (SP) mais uma Assembleia da Pastoral Carcer\u00e1ria do Estado de S\u00e3o Paulo. Participaram 130 agentes de pastoral que atuam em 40 dioceses do Regional Sul 1 da Confer\u00eancia Nacional dos Bispos do Brasil (CNBB). O evento come\u00e7ou na parte da tarde de [&hellip;]<\/p>\n","protected":false},"author":1,"featured_media":30452,"comment_status":"open","ping_status":"open","sticky":false,"template":"","format":"standard","meta":{"footnotes":""},"categories":[7],"tags":[],"class_list":["post-30453","post","type-post","status-publish","format-standard","has-post-thumbnail","hentry","category-cnbb"],"_links":{"self":[{"href":"https:\/\/catolicanet.net\/wp-cnet\/wp-json\/wp\/v2\/posts\/30453","targetHints":{"allow":["GET"]}}],"collection":[{"href":"https:\/\/catolicanet.net\/wp-cnet\/wp-json\/wp\/v2\/posts"}],"about":[{"href":"https:\/\/catolicanet.net\/wp-cnet\/wp-json\/wp\/v2\/types\/post"}],"author":[{"embeddable":true,"href":"https:\/\/catolicanet.net\/wp-cnet\/wp-json\/wp\/v2\/users\/1"}],"replies":[{"embeddable":true,"href":"https:\/\/catolicanet.net\/wp-cnet\/wp-json\/wp\/v2\/comments?post=30453"}],"version-history":[{"count":1,"href":"https:\/\/catolicanet.net\/wp-cnet\/wp-json\/wp\/v2\/posts\/30453\/revisions"}],"predecessor-version":[{"id":30479,"href":"https:\/\/catolicanet.net\/wp-cnet\/wp-json\/wp\/v2\/posts\/30453\/revisions\/30479"}],"wp:featuredmedia":[{"embeddable":true,"href":"https:\/\/catolicanet.net\/wp-cnet\/wp-json\/wp\/v2\/media\/30452"}],"wp:attachment":[{"href":"https:\/\/catolicanet.net\/wp-cnet\/wp-json\/wp\/v2\/media?parent=30453"}],"wp:term":[{"taxonomy":"category","embeddable":true,"href":"https:\/\/catolicanet.net\/wp-cnet\/wp-json\/wp\/v2\/categories?post=30453"},{"taxonomy":"post_tag","embeddable":true,"href":"https:\/\/catolicanet.net\/wp-cnet\/wp-json\/wp\/v2\/tags?post=30453"}],"curies":[{"name":"wp","href":"https:\/\/api.w.org\/{rel}","templated":true}]}}