{"id":3045,"date":"2013-10-08T14:43:55","date_gmt":"2013-10-08T17:43:55","guid":{"rendered":"http:\/\/catolicanet.net\/wp-cnet\/tuite-do-papa-francisco\/"},"modified":"2017-03-22T14:30:35","modified_gmt":"2017-03-22T17:30:35","slug":"tuite-do-papa-francisco","status":"publish","type":"post","link":"https:\/\/catolicanet.net\/wp-cnet\/tuite-do-papa-francisco\/","title":{"rendered":"Tu\u00edte do Papa Francisco"},"content":{"rendered":"<p>\u00a0<\/p>\n<p style=\"text-align: center;\"><img decoding=\"async\" src=\"http:\/\/catolicanet.com.br\/images\/stories\/8outubro.jpg\" border=\"0\" \/><\/p>\n<p style=\"text-align: center;\">&#8220;O segredo da vida crist\u00e3 \u00e9 o amor. <br \/>S\u00f3 o amor preenche os vazios, as voragens que o mal abre nos cora\u00e7\u00f5es&#8221;. <\/p>\n<p>(Tu\u00edte do Papa Francisco)<\/p>\n<p style=\"text-align: center;\">\u00a0<\/p>\n<p>\u00a0<\/p>\n","protected":false},"excerpt":{"rendered":"<p>\u00a0 &#8220;O segredo da vida crist\u00e3 \u00e9 o amor. S\u00f3 o amor preenche os vazios, as voragens que o mal abre nos cora\u00e7\u00f5es&#8221;. (Tu\u00edte do Papa Francisco) \u00a0 \u00a0<\/p>\n","protected":false},"author":1,"featured_media":0,"comment_status":"closed","ping_status":"closed","sticky":false,"template":"","format":"standard","meta":{"footnotes":""},"categories":[3],"tags":[],"class_list":["post-3045","post","type-post","status-publish","format-standard","hentry","category-vaticano"],"_links":{"self":[{"href":"https:\/\/catolicanet.net\/wp-cnet\/wp-json\/wp\/v2\/posts\/3045","targetHints":{"allow":["GET"]}}],"collection":[{"href":"https:\/\/catolicanet.net\/wp-cnet\/wp-json\/wp\/v2\/posts"}],"about":[{"href":"https:\/\/catolicanet.net\/wp-cnet\/wp-json\/wp\/v2\/types\/post"}],"author":[{"embeddable":true,"href":"https:\/\/catolicanet.net\/wp-cnet\/wp-json\/wp\/v2\/users\/1"}],"replies":[{"embeddable":true,"href":"https:\/\/catolicanet.net\/wp-cnet\/wp-json\/wp\/v2\/comments?post=3045"}],"version-history":[{"count":1,"href":"https:\/\/catolicanet.net\/wp-cnet\/wp-json\/wp\/v2\/posts\/3045\/revisions"}],"predecessor-version":[{"id":7318,"href":"https:\/\/catolicanet.net\/wp-cnet\/wp-json\/wp\/v2\/posts\/3045\/revisions\/7318"}],"wp:attachment":[{"href":"https:\/\/catolicanet.net\/wp-cnet\/wp-json\/wp\/v2\/media?parent=3045"}],"wp:term":[{"taxonomy":"category","embeddable":true,"href":"https:\/\/catolicanet.net\/wp-cnet\/wp-json\/wp\/v2\/categories?post=3045"},{"taxonomy":"post_tag","embeddable":true,"href":"https:\/\/catolicanet.net\/wp-cnet\/wp-json\/wp\/v2\/tags?post=3045"}],"curies":[{"name":"wp","href":"https:\/\/api.w.org\/{rel}","templated":true}]}}