{"id":30449,"date":"2017-06-05T17:37:43","date_gmt":"2017-06-05T20:37:43","guid":{"rendered":"http:\/\/catolicanet.net\/wp-cnet\/2017\/06\/05\/rcc-reuniu-liderancas-do-estado-de-sao-paulo-no-santuario-nacional-de-aparecida\/"},"modified":"2017-06-07T13:50:30","modified_gmt":"2017-06-07T16:50:30","slug":"rcc-reuniu-liderancas-do-estado-de-sao-paulo-no-santuario-nacional-de-aparecida","status":"publish","type":"post","link":"https:\/\/catolicanet.net\/wp-cnet\/rcc-reuniu-liderancas-do-estado-de-sao-paulo-no-santuario-nacional-de-aparecida\/","title":{"rendered":"RCC reuniu lideran\u00e7as do Estado de S\u00e3o Paulo no Santu\u00e1rio Nacional de Aparecida"},"content":{"rendered":"<p style=\"text-align: justify;\"><img decoding=\"async\" src=\"http:\/\/www.catolicanet.com.br\/images\/stories\/noticias2017\/encontro_rcc_2.jpg\" border=\"0\" align=\"left\" \/>Cerca de quatro mil pessoas se reuniram no \u00faltimo final de semana (17, 18 e 19\/03) para o Encontro Estadual de Lideran\u00e7as da Renova\u00e7\u00e3o Carism\u00e1tica Cat\u00f3lica (RCC) no Centro de Eventos Pe. Vitor Coelho de Almeida, localizado no Santu\u00e1rio Nacional de Aparecida.<\/p>\n<p>Encontro estadual de lideran\u00e7as &#8211; RCC SPFoto: Minist\u00e9rio de Comunica\u00e7\u00e3o Social RCC SP<\/p>\n<p>O encontro contou com a participa\u00e7\u00e3o de bispos, sacerdotes e coordenadores de diversas inst\u00e2ncias do movimento carism\u00e1tico do estado de S\u00e3o Paulo, como coordenadores diocesanos, de Grupo de Ora\u00e7\u00e3o e de Minist\u00e9rios.<\/p>\n<p>Durante o evento, os l\u00edderes foram chamados a viver a unidade entre si, deixando de lado as diferen\u00e7as e dando abertura ao perd\u00e3o. Tamb\u00e9m foram convidados a voltar \u00e0s ra\u00edzes da RCC, que neste ano, completa 50 anos de seu in\u00edcio no mundo, fazendo isso por meio do incentivo \u00e0 forma\u00e7\u00e3o.<\/p>\n<p>Dom Benedito Beni, bispo em\u00e9rito da Diocese de Lorena (SP), esteve presente e chamou a aten\u00e7\u00e3o para a necessidade de se fazer um encontro verdadeiro com Cristo e, uma vez transformados por Ele, anunci\u00e1-lo sem medo ao mundo.<\/p>\n<p>A grande estrutura do Centro de Eventos, Santu\u00e1rio Nacional e Hotel Rainha do Brasil, ainda recebeu mais de 15 workshops que dividiu os participantes em tem\u00e1ticas diferentes de forma\u00e7\u00e3o de acordo com os servi\u00e7os de evangeliza\u00e7\u00e3o prestados dentro da RCC.<\/p>\n<p>O Encontro Estadual de Lideran\u00e7as &#8211; O evento est\u00e1 na sua segunda edi\u00e7\u00e3o e desde seu in\u00edcio acontece no Centro de Eventos do Santu\u00e1rio Nacional. De acordo com a coordenadora estadual da RCC, Lucimar Maziero, o objetivo \u00e9 proporcionar aos lideres diocesanos de minist\u00e9rios e grupos de ora\u00e7\u00e3o, momentos de forma\u00e7\u00e3o, espiritualidade e direcionamentos para seus trabalhos em suas respectivas dioceses. Um dos prop\u00f3sitos tamb\u00e9m \u00e9 auxiliar as lideran\u00e7as no trabalho em unidade com as mo\u00e7\u00f5es prof\u00e9ticas nacionais e estaduais, e procurar auxiliar as lideran\u00e7as na viv\u00eancia dessas mo\u00e7\u00f5es assim como, nos seus respectivos servi\u00e7os.<\/p>\n<p>De acordo com Lucimar, o encontro busca refletir respostas para algumas quest\u00f5es como, a miss\u00e3o para os pr\u00f3ximos 50 anos, colocar em pr\u00e1tica as forma\u00e7\u00f5es recebidas, o direcionamento do trabalho de cada minist\u00e9rio, visando o fortalecimento dos grupos de ora\u00e7\u00e3o, a forma\u00e7\u00e3o de novas lideran\u00e7as e viver os pilares: &#8220;unidade, grupo de ora\u00e7\u00e3o, santidade e administrar no Esp\u00edrito&#8221;.<\/p>\n<p style=\"text-align: justify;\">\u00a0<\/p>\n<p style=\"text-align: justify;\">Fonte: Santu\u00e1rio Nacional<\/p>\n","protected":false},"excerpt":{"rendered":"<p>Cerca de quatro mil pessoas se reuniram no \u00faltimo final de semana (17, 18 e 19\/03) para o Encontro Estadual de Lideran\u00e7as da Renova\u00e7\u00e3o Carism\u00e1tica Cat\u00f3lica (RCC) no Centro de Eventos Pe. Vitor Coelho de Almeida, localizado no Santu\u00e1rio Nacional de Aparecida. Encontro estadual de lideran\u00e7as &#8211; RCC SPFoto: Minist\u00e9rio de Comunica\u00e7\u00e3o Social RCC SP [&hellip;]<\/p>\n","protected":false},"author":1,"featured_media":30448,"comment_status":"open","ping_status":"open","sticky":false,"template":"","format":"standard","meta":{"footnotes":""},"categories":[4],"tags":[],"class_list":["post-30449","post","type-post","status-publish","format-standard","has-post-thumbnail","hentry","category-cotidiano"],"_links":{"self":[{"href":"https:\/\/catolicanet.net\/wp-cnet\/wp-json\/wp\/v2\/posts\/30449","targetHints":{"allow":["GET"]}}],"collection":[{"href":"https:\/\/catolicanet.net\/wp-cnet\/wp-json\/wp\/v2\/posts"}],"about":[{"href":"https:\/\/catolicanet.net\/wp-cnet\/wp-json\/wp\/v2\/types\/post"}],"author":[{"embeddable":true,"href":"https:\/\/catolicanet.net\/wp-cnet\/wp-json\/wp\/v2\/users\/1"}],"replies":[{"embeddable":true,"href":"https:\/\/catolicanet.net\/wp-cnet\/wp-json\/wp\/v2\/comments?post=30449"}],"version-history":[{"count":1,"href":"https:\/\/catolicanet.net\/wp-cnet\/wp-json\/wp\/v2\/posts\/30449\/revisions"}],"predecessor-version":[{"id":30481,"href":"https:\/\/catolicanet.net\/wp-cnet\/wp-json\/wp\/v2\/posts\/30449\/revisions\/30481"}],"wp:featuredmedia":[{"embeddable":true,"href":"https:\/\/catolicanet.net\/wp-cnet\/wp-json\/wp\/v2\/media\/30448"}],"wp:attachment":[{"href":"https:\/\/catolicanet.net\/wp-cnet\/wp-json\/wp\/v2\/media?parent=30449"}],"wp:term":[{"taxonomy":"category","embeddable":true,"href":"https:\/\/catolicanet.net\/wp-cnet\/wp-json\/wp\/v2\/categories?post=30449"},{"taxonomy":"post_tag","embeddable":true,"href":"https:\/\/catolicanet.net\/wp-cnet\/wp-json\/wp\/v2\/tags?post=30449"}],"curies":[{"name":"wp","href":"https:\/\/api.w.org\/{rel}","templated":true}]}}