{"id":30447,"date":"2017-06-05T17:31:10","date_gmt":"2017-06-05T20:31:10","guid":{"rendered":"http:\/\/catolicanet.net\/wp-cnet\/2017\/06\/05\/ensino-curso-de-medicina-tem-lprincipios-orientadores-propriosr-da-igreja-universidade-catolica\/"},"modified":"2017-06-07T13:51:46","modified_gmt":"2017-06-07T16:51:46","slug":"ensino-curso-de-medicina-tem-lprincipios-orientadores-propriosr-da-igreja-universidade-catolica","status":"publish","type":"post","link":"https:\/\/catolicanet.net\/wp-cnet\/ensino-curso-de-medicina-tem-lprincipios-orientadores-propriosr-da-igreja-universidade-catolica\/","title":{"rendered":"Ensino: Curso de Medicina tem \u00abprinc\u00edpios orientadores pr\u00f3prios\u00bb da Igreja &#8211; Universidade Cat\u00f3lica"},"content":{"rendered":"<p style=\"text-align: justify;\"><img decoding=\"async\" src=\"http:\/\/www.catolicanet.com.br\/images\/stories\/noticias2017\/ucp_entrada.jpg\" border=\"0\" align=\"left\" \/>Diretor do Instituto de Ci\u00eancias da Sa\u00fade sublinha identidade pr\u00f3pria da institui\u00e7\u00e3o<\/p>\n<p>Lisboa, 05 jun 2017 (Ecclesia) &#8211; O diretor do Instituto de Ci\u00eancias da Sa\u00fade da Universidade Cat\u00f3lica Portuguesa (UCP) disse que o novo curso de Medicina da institui\u00e7\u00e3o tem \u201cprinc\u00edpios orientadores pr\u00f3prios\u201d, que assumem as posi\u00e7\u00f5es da Igreja.<\/p>\n<p>Alexandre Castro Caldas, professor catedr\u00e1tico de Neurologia, refere em depoimento enviado \u00e0 Ag\u00eancia ECCLESIA que este curso que a UCP se prepara para abrir, \u201cem breve\u201d, vai oferecer uma forma\u00e7\u00e3o \u201cn\u00e3o s\u00f3 do ponto de vista t\u00e9cnico-cient\u00edfico mas tamb\u00e9m \u00e0 luz dos princ\u00edpios orientadores pr\u00f3prios da posi\u00e7\u00e3o da Igreja face aos grandes desafios da sa\u00fade\u201d.<\/p>\n<p>\u201cEst\u00e3o praticamente finalizados todos os protocolos e este sonho de h\u00e1 tantos anos parece poder vir a tornar-se realidade. \u00c9, por isso, boa altura para disso dar boa not\u00edcia aos meios cat\u00f3licos e ao p\u00fablico em geral\u201d, acrescenta o respons\u00e1vel.<\/p>\n<p>O diretor do Instituto de Ci\u00eancias da Sa\u00fade (ICS) espera que os cat\u00f3licos compreendam o \u201cinteresse desta iniciativa\u201d e manifestem o seu apoio, \u201cpara bem de Portugal e da Igreja portuguesa\u201d.<\/p>\n<p>Alexandre Castro Caldas recorda que, neste momento, a UCP j\u00e1 oferece o ensino da Enfermagem, no Porto e em Lisboa, um Mestrado Integrado em Medicina Dent\u00e1ria e um curso de Ci\u00eancias Biom\u00e9dicas, em Viseu, real\u00e7ando que \u201co ensino em Cuidados Paliativos tem sido um ponto forte do Instituto\u201d.<\/p>\n<p>O diretor do ICS refere-se ainda \u00e0s parcerias com a Universidade de Maastricht, a C\u00e2mara Municipal de Cascais e a Luz Sa\u00fade, para sublinhar que \u201ca Universidade Cat\u00f3lica Portuguesa ser\u00e1 o centro do projeto sendo os restantes parceiros os seus viabilizadores\u201d, pelo que \u201ca natureza identit\u00e1ria da universidade n\u00e3o pode ser de forma alguma contrariada por nenhum deles\u201d.<\/p>\n<p>\u201cEst\u00e1 mesmo em prepara\u00e7\u00e3o um documento da Associa\u00e7\u00e3o dos M\u00e9dicos Cat\u00f3licos, que ser\u00e1 assinado pelos parceiros, que corresponde aos princ\u00edpios orientadores da pr\u00e1tica dos servi\u00e7os de sa\u00fade\u201d, acrescenta Castro Caldas.<\/p>\n<p>A reitora da Universidade Cat\u00f3lica Portuguesa disse \u00e0 Ag\u00eancia ECCLESIA, na \u00faltima semana, que o curso de Medicina, que foi apresentado no m\u00eas de fevereiro, est\u00e1 \u201cem prepara\u00e7\u00e3o\u201d e se guia por \u201cprinc\u00edpios da Igreja relativamente \u00e0 vida\u201d.<\/p>\n<p>\u201c\u00c9 um projeto de Medicina que responde e se guia por aquilo que s\u00e3o os princ\u00edpios da Igreja relativamente \u00e0 vida, \u00e0 defesa da vida, ao fim da vida e \u00e0 dignidade humana\u201d, afirmou Isabel Capeloa Gil \u00e0 margem do Encontro de Universidades Cat\u00f3licas Europeias e do L\u00edbano, que terminou este s\u00e1bado em Lisboa.<\/p>\n<p>A UCP e tr\u00eas institui\u00e7\u00f5es parceiras assinaram a 24 de fevereiro um acordo para a cria\u00e7\u00e3o do primeiro curso privado de Medicina em Portugal, de dimens\u00e3o internacional, apresentado como um projeto \u201cinovador\u201d.<\/p>\n<p style=\"text-align: justify;\">\u00a0<\/p>\n<p style=\"text-align: justify;\">Fonte: Ag\u00eancia Ecclesia<\/p>\n","protected":false},"excerpt":{"rendered":"<p>Diretor do Instituto de Ci\u00eancias da Sa\u00fade sublinha identidade pr\u00f3pria da institui\u00e7\u00e3o Lisboa, 05 jun 2017 (Ecclesia) &#8211; O diretor do Instituto de Ci\u00eancias da Sa\u00fade da Universidade Cat\u00f3lica Portuguesa (UCP) disse que o novo curso de Medicina da institui\u00e7\u00e3o tem \u201cprinc\u00edpios orientadores pr\u00f3prios\u201d, que assumem as posi\u00e7\u00f5es da Igreja. Alexandre Castro Caldas, professor catedr\u00e1tico [&hellip;]<\/p>\n","protected":false},"author":1,"featured_media":30446,"comment_status":"open","ping_status":"open","sticky":false,"template":"","format":"standard","meta":{"footnotes":""},"categories":[4],"tags":[],"class_list":["post-30447","post","type-post","status-publish","format-standard","has-post-thumbnail","hentry","category-cotidiano"],"_links":{"self":[{"href":"https:\/\/catolicanet.net\/wp-cnet\/wp-json\/wp\/v2\/posts\/30447","targetHints":{"allow":["GET"]}}],"collection":[{"href":"https:\/\/catolicanet.net\/wp-cnet\/wp-json\/wp\/v2\/posts"}],"about":[{"href":"https:\/\/catolicanet.net\/wp-cnet\/wp-json\/wp\/v2\/types\/post"}],"author":[{"embeddable":true,"href":"https:\/\/catolicanet.net\/wp-cnet\/wp-json\/wp\/v2\/users\/1"}],"replies":[{"embeddable":true,"href":"https:\/\/catolicanet.net\/wp-cnet\/wp-json\/wp\/v2\/comments?post=30447"}],"version-history":[{"count":1,"href":"https:\/\/catolicanet.net\/wp-cnet\/wp-json\/wp\/v2\/posts\/30447\/revisions"}],"predecessor-version":[{"id":30482,"href":"https:\/\/catolicanet.net\/wp-cnet\/wp-json\/wp\/v2\/posts\/30447\/revisions\/30482"}],"wp:featuredmedia":[{"embeddable":true,"href":"https:\/\/catolicanet.net\/wp-cnet\/wp-json\/wp\/v2\/media\/30446"}],"wp:attachment":[{"href":"https:\/\/catolicanet.net\/wp-cnet\/wp-json\/wp\/v2\/media?parent=30447"}],"wp:term":[{"taxonomy":"category","embeddable":true,"href":"https:\/\/catolicanet.net\/wp-cnet\/wp-json\/wp\/v2\/categories?post=30447"},{"taxonomy":"post_tag","embeddable":true,"href":"https:\/\/catolicanet.net\/wp-cnet\/wp-json\/wp\/v2\/tags?post=30447"}],"curies":[{"name":"wp","href":"https:\/\/api.w.org\/{rel}","templated":true}]}}