{"id":30439,"date":"2017-06-05T12:33:31","date_gmt":"2017-06-05T15:33:31","guid":{"rendered":"http:\/\/catolicanet.net\/wp-cnet\/2017\/06\/05\/papa-aos-missionarios-da-consolata-ser-novos-areopagos\/"},"modified":"2017-06-07T13:56:59","modified_gmt":"2017-06-07T16:56:59","slug":"papa-aos-missionarios-da-consolata-ser-novos-areopagos","status":"publish","type":"post","link":"https:\/\/catolicanet.net\/wp-cnet\/papa-aos-missionarios-da-consolata-ser-novos-areopagos\/","title":{"rendered":"Papa aos Mission\u00e1rios da Consolata: ser novos \u201care\u00f3pagos\u201d"},"content":{"rendered":"<p style=\"text-align: justify;\"><img decoding=\"async\" src=\"http:\/\/www.catolicanet.com.br\/images\/stories\/papas\/rv25892_articolo.jpg\" border=\"0\" align=\"left\" \/>Cidade do Vaticano (RV) \u2013 O Santo Padre concluiu sua s\u00e9rie de audi\u00eancias, na manh\u00e3 desta segunda-feira (05\/6), recebendo na Sala Clementina, no Vaticano, 120 participantes nos Cap\u00edtulos Gerais dos Mission\u00e1rios e Mission\u00e1rias da Consolata, cuja Congrega\u00e7\u00e3o foi fundada pelo bem-aventurado Giuseppe Allamano.<\/p>\n<p style=\"text-align: justify;\">\u00a0<\/p>\n<p style=\"text-align: justify;\"><a href=\"http:\/\/media02.radiovaticana.va\/audio\/audio2\/mp3\/00584335.mp3\">Clique aqui para ouvir:<\/a><\/p>\n<p style=\"text-align: justify;\">\u00a0<\/p>\n<p style=\"text-align: justify;\">Ao desejar que os trabalhos Capitulares possam se desenvolver em clima de serenidade e docilidade ao Esp\u00edrito, o Papa encoraja todos aqueles coirm\u00e3os e coirm\u00e3s que, muitas vezes, atuam em condi\u00e7\u00f5es dif\u00edceis nos diversos Continentes, a prosseguir com generosa fidelidade a sua miss\u00e3o \u201cad gentes\u201d.<\/p>\n<p>Por isso, Francisco deu algumas sugest\u00f5es aos Mission\u00e1rios da Consolata:<\/p>\n<p>\u201cGostaria de exortar-lhes a fazer um atento discernimento sobre a situa\u00e7\u00e3o dos povos, entre os quais desempenham a sua a\u00e7\u00e3o evangelizadora. Jamais se cansem de levar conforto, sobretudo \u00e0queles que se encontram em situa\u00e7\u00f5es de grande pobreza e sofrimento, sobretudo na \u00c1frica e Am\u00e9rica Latina. Busquem dar seu testemunho de caridade, que o Esp\u00edrito infunde em seus cora\u00e7\u00f5es\u201d.<\/p>\n<p>Para levar adiante seu compromisso mission\u00e1rio, recordou o Papa, \u00e9 preciso viver em comunh\u00e3o com Deus. A Vida Religiosa pode se tornar um itiner\u00e1rio alegre de redescoberta progressiva do amor e da miseric\u00f3rdia divinos, e novos \u201care\u00f3pagos\u201d da evangeliza\u00e7\u00e3o. E concluiu:<\/p>\n<p>\u201cNo esfor\u00e7o de amodernar o estilo de servi\u00e7o mission\u00e1rio, \u00e9 preciso privilegiar alguns elementos significativos como a sensibilidade \u00e0 encultura\u00e7\u00e3o do Evangelho, dar espa\u00e7o \u00e0 corresponsabilidade dos agentes pastorais, adotar formas simples e pobres para viver entre as pessoas\u201d.<\/p>\n<p>Por fim, Francisco exortou ainda os Mission\u00e1rios da Consolata a dispensar aten\u00e7\u00e3o especial ao di\u00e1logo com os Mu\u00e7ulmanos e a se comprometer mais com a promo\u00e7\u00e3o da dignidade da mulher e dos valores da fam\u00edlia, como tamb\u00e9m ter maior sensibilidade com os temas da justi\u00e7a e da paz.<\/p>\n<p style=\"text-align: justify;\">\u00a0<\/p>\n<p style=\"text-align: justify;\">Fonte: R\u00e1dio Vaticano<\/p>\n","protected":false},"excerpt":{"rendered":"<p>Cidade do Vaticano (RV) \u2013 O Santo Padre concluiu sua s\u00e9rie de audi\u00eancias, na manh\u00e3 desta segunda-feira (05\/6), recebendo na Sala Clementina, no Vaticano, 120 participantes nos Cap\u00edtulos Gerais dos Mission\u00e1rios e Mission\u00e1rias da Consolata, cuja Congrega\u00e7\u00e3o foi fundada pelo bem-aventurado Giuseppe Allamano. \u00a0 Clique aqui para ouvir: \u00a0 Ao desejar que os trabalhos Capitulares [&hellip;]<\/p>\n","protected":false},"author":1,"featured_media":30438,"comment_status":"open","ping_status":"open","sticky":false,"template":"","format":"standard","meta":{"footnotes":""},"categories":[3],"tags":[],"class_list":["post-30439","post","type-post","status-publish","format-standard","has-post-thumbnail","hentry","category-vaticano"],"_links":{"self":[{"href":"https:\/\/catolicanet.net\/wp-cnet\/wp-json\/wp\/v2\/posts\/30439","targetHints":{"allow":["GET"]}}],"collection":[{"href":"https:\/\/catolicanet.net\/wp-cnet\/wp-json\/wp\/v2\/posts"}],"about":[{"href":"https:\/\/catolicanet.net\/wp-cnet\/wp-json\/wp\/v2\/types\/post"}],"author":[{"embeddable":true,"href":"https:\/\/catolicanet.net\/wp-cnet\/wp-json\/wp\/v2\/users\/1"}],"replies":[{"embeddable":true,"href":"https:\/\/catolicanet.net\/wp-cnet\/wp-json\/wp\/v2\/comments?post=30439"}],"version-history":[{"count":1,"href":"https:\/\/catolicanet.net\/wp-cnet\/wp-json\/wp\/v2\/posts\/30439\/revisions"}],"predecessor-version":[{"id":30486,"href":"https:\/\/catolicanet.net\/wp-cnet\/wp-json\/wp\/v2\/posts\/30439\/revisions\/30486"}],"wp:featuredmedia":[{"embeddable":true,"href":"https:\/\/catolicanet.net\/wp-cnet\/wp-json\/wp\/v2\/media\/30438"}],"wp:attachment":[{"href":"https:\/\/catolicanet.net\/wp-cnet\/wp-json\/wp\/v2\/media?parent=30439"}],"wp:term":[{"taxonomy":"category","embeddable":true,"href":"https:\/\/catolicanet.net\/wp-cnet\/wp-json\/wp\/v2\/categories?post=30439"},{"taxonomy":"post_tag","embeddable":true,"href":"https:\/\/catolicanet.net\/wp-cnet\/wp-json\/wp\/v2\/tags?post=30439"}],"curies":[{"name":"wp","href":"https:\/\/api.w.org\/{rel}","templated":true}]}}