{"id":30427,"date":"2017-06-02T19:07:53","date_gmt":"2017-06-02T22:07:53","guid":{"rendered":"http:\/\/catolicanet.net\/wp-cnet\/2017\/06\/02\/africard-congo-continua-a-onda-de-violencia-em-kasai-25-mil-deslocados-se-refugiaram-em-angola\/"},"modified":"2017-06-07T14:18:38","modified_gmt":"2017-06-07T17:18:38","slug":"africard-congo-continua-a-onda-de-violencia-em-kasai-25-mil-deslocados-se-refugiaram-em-angola","status":"publish","type":"post","link":"https:\/\/catolicanet.net\/wp-cnet\/africard-congo-continua-a-onda-de-violencia-em-kasai-25-mil-deslocados-se-refugiaram-em-angola\/","title":{"rendered":"\u00c1FRICA\/RD CONGO &#8211; Continua a onda de viol\u00eancia em Kasai, 25 mil deslocados se refugiaram em Angola"},"content":{"rendered":"<p style=\"text-align: justify;\"><img decoding=\"async\" src=\"http:\/\/www.catolicanet.com.br\/images\/stories\/noticias2017\/primopiano_4054.jpg\" border=\"0\" align=\"left\" \/>Luebo (Ag\u00eancia Fides) \u2013 Mais de 25 mil pessoas, entre essas nove mil crian\u00e7as, fugiram das viol\u00eancias e da inseguran\u00e7a na prov\u00edncia de Kasai, na Rep\u00fablica Democr\u00e1tica do Congo, e se refugiaram na vizinha Angola desde o m\u00eas de mar\u00e7o. Milhares de menores, entre os quais 200 sem fam\u00edlia, chegaram a dois centros de acolhimento tempor\u00e1rios em Dundo, no norte de Angola. Muitas crian\u00e7as foram testemunhas de violentos ataques e outras ficaram feridas devido a proj\u00e9teis ou machadadas da mil\u00edcia congolesa Kamuina Nsapu. Esses confrontos causaram mais de 400 mortos, cerca de um milh\u00e3o de deslocados e milhares de refugiados. A tutela das crian\u00e7as, a alimenta\u00e7\u00e3o, o acesso \u00e0 \u00e1gua pot\u00e1vel e aos servi\u00e7os de sa\u00fade e a preven\u00e7\u00e3o de doen\u00e7as est\u00e3o entre as a\u00e7\u00f5es imediatas empreendidas pelo Unicef.<br \/>A organiza\u00e7\u00e3o est\u00e1 provendo ao fornecimento de artigos para o tratamento da \u00e1gua, kits educativos e recreativos para os menores, rem\u00e9dios contra a mal\u00e1ria e as doen\u00e7as diarreicas, cortinas, cobertores e materiais informativos, como op\u00fasculos, para a preven\u00e7\u00e3o de doen\u00e7as. A origem do conflito deriva de uma onda de viol\u00eancia eclodida em julho de 2016 em Kasai Central, que se estendeu para \u00e1reas pr\u00f3ximas, quando o Governo n\u00e3o reconheceu a autoridade do l\u00edder da regi\u00e3o, Kamuina Nsapu. Em agosto, Kamuina Nsapu foi morto pelo ex\u00e9rcito, e diante da nega\u00e7\u00e3o de restituir o corpo de seu l\u00edder, os seus seguidores come\u00e7aram a atacar civis, militares e institui\u00e7\u00f5es estatais.<br \/>Em abril, o Governo entregou o corpo de Nsapu \u00e0 sua fam\u00edlia, que ao mesmo tempo nomeou seu sucessor, Kabeya Jacques Ntumba Mupala, na tentativa de frear a viol\u00eancia, mas esta infelizmente continua.<\/p>\n<p style=\"text-align: justify;\">\u00a0<\/p>\n<p style=\"text-align: justify;\">Fonte: Ag\u00eancia Fides<\/p>\n","protected":false},"excerpt":{"rendered":"<p>Luebo (Ag\u00eancia Fides) \u2013 Mais de 25 mil pessoas, entre essas nove mil crian\u00e7as, fugiram das viol\u00eancias e da inseguran\u00e7a na prov\u00edncia de Kasai, na Rep\u00fablica Democr\u00e1tica do Congo, e se refugiaram na vizinha Angola desde o m\u00eas de mar\u00e7o. Milhares de menores, entre os quais 200 sem fam\u00edlia, chegaram a dois centros de acolhimento [&hellip;]<\/p>\n","protected":false},"author":1,"featured_media":30426,"comment_status":"open","ping_status":"open","sticky":false,"template":"","format":"standard","meta":{"footnotes":""},"categories":[4],"tags":[],"class_list":["post-30427","post","type-post","status-publish","format-standard","has-post-thumbnail","hentry","category-cotidiano"],"_links":{"self":[{"href":"https:\/\/catolicanet.net\/wp-cnet\/wp-json\/wp\/v2\/posts\/30427","targetHints":{"allow":["GET"]}}],"collection":[{"href":"https:\/\/catolicanet.net\/wp-cnet\/wp-json\/wp\/v2\/posts"}],"about":[{"href":"https:\/\/catolicanet.net\/wp-cnet\/wp-json\/wp\/v2\/types\/post"}],"author":[{"embeddable":true,"href":"https:\/\/catolicanet.net\/wp-cnet\/wp-json\/wp\/v2\/users\/1"}],"replies":[{"embeddable":true,"href":"https:\/\/catolicanet.net\/wp-cnet\/wp-json\/wp\/v2\/comments?post=30427"}],"version-history":[{"count":1,"href":"https:\/\/catolicanet.net\/wp-cnet\/wp-json\/wp\/v2\/posts\/30427\/revisions"}],"predecessor-version":[{"id":30493,"href":"https:\/\/catolicanet.net\/wp-cnet\/wp-json\/wp\/v2\/posts\/30427\/revisions\/30493"}],"wp:featuredmedia":[{"embeddable":true,"href":"https:\/\/catolicanet.net\/wp-cnet\/wp-json\/wp\/v2\/media\/30426"}],"wp:attachment":[{"href":"https:\/\/catolicanet.net\/wp-cnet\/wp-json\/wp\/v2\/media?parent=30427"}],"wp:term":[{"taxonomy":"category","embeddable":true,"href":"https:\/\/catolicanet.net\/wp-cnet\/wp-json\/wp\/v2\/categories?post=30427"},{"taxonomy":"post_tag","embeddable":true,"href":"https:\/\/catolicanet.net\/wp-cnet\/wp-json\/wp\/v2\/tags?post=30427"}],"curies":[{"name":"wp","href":"https:\/\/api.w.org\/{rel}","templated":true}]}}