{"id":30416,"date":"2017-06-02T16:47:28","date_gmt":"2017-06-02T19:47:28","guid":{"rendered":"http:\/\/catolicanet.net\/wp-cnet\/2017\/06\/02\/paz-e-espirito\/"},"modified":"2017-06-07T14:27:28","modified_gmt":"2017-06-07T17:27:28","slug":"paz-e-espirito","status":"publish","type":"post","link":"https:\/\/catolicanet.net\/wp-cnet\/paz-e-espirito\/","title":{"rendered":"Paz e Esp\u00edrito"},"content":{"rendered":"<p style=\"text-align: justify;\">Por que sempre que fazemos refer\u00eancias ao Esp\u00edrito falamos de \u201cdiversidade\u201d, \u201cpluralidade\u201d, \u201cmembros diversos\u201d, \u201cdons diferentes\u201d? <br \/>Porque uma das caracter\u00edsticas do Esp\u00edrito \u00e9 a sua capacidade de expressar-se no diverso, de criar a liberdade, de invadir tudo com sua presen\u00e7a. Por essa raz\u00e3o, o Esp\u00edrito se comparou \u00e0 \u00e1gua, que tudo molha, ao fogo, que tudo acende, ao ar, que entra por qualquer fresta.<br \/>E, n\u00e3o obstante, o Esp\u00edrito Santo se diferencia do esp\u00edrito mau, visto que o esp\u00edrito mau \u00e9 legi\u00e3o e diversidade enfrentada, ao passo que o Esp\u00edrito Santo \u00e9 esp\u00edrito de amor e de diversidade em comunh\u00e3o profunda. O esp\u00edrito mau desconjunta o corpo. O Esp\u00edrito Santo glorifica cada um de seus membros para o bem de todo o corpo.<br \/>Quanto necessitamos do Esp\u00edrito Santo! Emana do rosto de Jesus ressuscitado e do Abba que o ressuscita. O Esp\u00edrito \u00e9 como o perfume o aroma das duas Pessoas. \u00c9 o alento \u00fanico de ambas. \u00c9 seu sorriso, seu amor, sua beleza, seu efl\u00favio, seu beijo.<br \/>O Esp\u00edrito \u00e9 fogo, torrente, vento com for\u00e7a de furac\u00e3o, amor apaixonado, capacidade criadora e geradora, a beleza de Deus, o beijo santo que enamora, o toque delicado que a vida eterna conhece, \u00e9 a capacidade po\u00e9tica no grau m\u00e1ximo.<br \/>Se Jesus nos transmite seu Esp\u00edrito, \u00e9 para que nos deixemos envolver pela energia que tudo pode, que quer chegar at\u00e9 os confins da terra e os confins do tempo. Dizer espiritualidade \u2013 em crist\u00e3o \u2013 \u00e9 o mesmo que dizer \u201cespiritualidade em miss\u00e3o\u201d, em dinamismo constante e apaixonado. Envia teu Esp\u00edrito e renovar\u00e1s a face da terra.<br \/>S\u00f3 quem sente a energia do Esp\u00edrito e seu fragor que atordoa pode chegar \u00e0 paz, a sentir-se possu\u00eddo pelo equil\u00edbrio m\u00e1ximo que sucede \u2013 como gra\u00e7a \u2013 a luta contra o mal. Por isso, em Pentecostes, Jesus nos concede o Esp\u00edrito e a paz.<\/p>\n","protected":false},"excerpt":{"rendered":"<p>Por que sempre que fazemos refer\u00eancias ao Esp\u00edrito falamos de \u201cdiversidade\u201d, \u201cpluralidade\u201d, \u201cmembros diversos\u201d, \u201cdons diferentes\u201d? Porque uma das caracter\u00edsticas do Esp\u00edrito \u00e9 a sua capacidade de expressar-se no diverso, de criar a liberdade, de invadir tudo com sua presen\u00e7a. Por essa raz\u00e3o, o Esp\u00edrito se comparou \u00e0 \u00e1gua, que tudo molha, ao fogo, que [&hellip;]<\/p>\n","protected":false},"author":10,"featured_media":0,"comment_status":"open","ping_status":"open","sticky":false,"template":"","format":"standard","meta":{"footnotes":""},"categories":[9],"tags":[],"class_list":["post-30416","post","type-post","status-publish","format-standard","hentry","category-artigos"],"_links":{"self":[{"href":"https:\/\/catolicanet.net\/wp-cnet\/wp-json\/wp\/v2\/posts\/30416","targetHints":{"allow":["GET"]}}],"collection":[{"href":"https:\/\/catolicanet.net\/wp-cnet\/wp-json\/wp\/v2\/posts"}],"about":[{"href":"https:\/\/catolicanet.net\/wp-cnet\/wp-json\/wp\/v2\/types\/post"}],"author":[{"embeddable":true,"href":"https:\/\/catolicanet.net\/wp-cnet\/wp-json\/wp\/v2\/users\/10"}],"replies":[{"embeddable":true,"href":"https:\/\/catolicanet.net\/wp-cnet\/wp-json\/wp\/v2\/comments?post=30416"}],"version-history":[{"count":1,"href":"https:\/\/catolicanet.net\/wp-cnet\/wp-json\/wp\/v2\/posts\/30416\/revisions"}],"predecessor-version":[{"id":30499,"href":"https:\/\/catolicanet.net\/wp-cnet\/wp-json\/wp\/v2\/posts\/30416\/revisions\/30499"}],"wp:attachment":[{"href":"https:\/\/catolicanet.net\/wp-cnet\/wp-json\/wp\/v2\/media?parent=30416"}],"wp:term":[{"taxonomy":"category","embeddable":true,"href":"https:\/\/catolicanet.net\/wp-cnet\/wp-json\/wp\/v2\/categories?post=30416"},{"taxonomy":"post_tag","embeddable":true,"href":"https:\/\/catolicanet.net\/wp-cnet\/wp-json\/wp\/v2\/tags?post=30416"}],"curies":[{"name":"wp","href":"https:\/\/api.w.org\/{rel}","templated":true}]}}