{"id":30415,"date":"2017-06-02T16:44:47","date_gmt":"2017-06-02T19:44:47","guid":{"rendered":"http:\/\/catolicanet.net\/wp-cnet\/2017\/06\/02\/pentecostes-2\/"},"modified":"2017-06-07T14:28:47","modified_gmt":"2017-06-07T17:28:47","slug":"pentecostes-2","status":"publish","type":"post","link":"https:\/\/catolicanet.net\/wp-cnet\/pentecostes-2\/","title":{"rendered":"Pentecostes"},"content":{"rendered":"<p style=\"text-align: justify;\">Em nosso mundo s\u00e3o faladas muitas l\u00ednguas. Tantas que, muitas vezes n\u00e3o nos entendemos. Certamente, na nossa pr\u00f3pria cidade, encontramos na rua pessoas que falam outras l\u00ednguas. Tamb\u00e9m \u00e9 certo que passamos pela experi\u00eancia de n\u00e3o encontrar ningu\u00e9m que entende nosso idioma quando precisamos de ajuda ou de n\u00e3o poder ajudar adequadamente a algu\u00e9m simplesmente porque n\u00e3o o entendemos.<br \/>Neste primeiro domingo de junho, celebramos Pentecostes, a chegada do Esp\u00edrito Santo sobre aquele primeiro grupo de ap\u00f3stolos e disc\u00edpulos que, ap\u00f3s a morte e ressurrei\u00e7\u00e3o de Jesus, continuavam se reunindo para orar e se lembrar do Mestre. A vinda do Esp\u00edrito Santo teve um efeito maravilhoso. De repente, aqueles que estavam trancados e amedrontados atreveram-se a sair para a rua e a falar de Jesus com todos aqueles que encontravam. O surpreendente \u00e9 que Jerusal\u00e9m, naqueles dias, era um fervedouro de povos de diferentes lugares e proced\u00eancias. Por suas ruas transitavam pessoas de todo o mundo. Mas todos ouviam os ap\u00f3stolos em seu pr\u00f3prio idioma sobre as maravilhas de Deus e do grande milagre que Deus havia realizado ao ressuscitar Jesus dentre os mortos.<br \/>O Esp\u00edrito Santo os tornou sacerdotes do Senhor. Desde ent\u00e3o, o Evangelho ultrapassou todas as fronteiras das na\u00e7\u00f5es, das culturas e das l\u00ednguas. Chegou at\u00e9 aos mais distantes lugares de nosso mundo, proclamando sempre as maravilhas de Deus de forma que todos pudessem entender. Junto com ele, chegou, igualmente, a paz a muitos cora\u00e7\u00f5es e a capacidade de perdoar, tal como Jesus dissera aos ap\u00f3stolos.<br \/>Nos dias de hoje, s\u00e3o muitos os que continuam deixando-se levar pelo Esp\u00edrito e, com suas palavras e sua maneira de se comportar, d\u00e3o testemunho das maravilhas de Deus. Com seu amor por todos e sua capacidade de servir aos mais pobres e necessitados, fazem que todos compreendam o amor com que Deus nos ama em Jesus. Com sua capacidade de perdoar, v\u00e3o enchendo de paz o cora\u00e7\u00e3o de todos. O Esp\u00edrito continua animando em nosso mundo. H\u00e1 testemunhos que comunicam a mensagem por sobre as barreiras dos idiomas e das culturas. N\u00e3o foi Madre Teresa de Calcut\u00e1 um testemunho de dimens\u00f5es universais? Sua figura pequena e fr\u00e1gil era m sinal vivo da prefer\u00eancia de Deus pelos mais fracos, pelos \u00faltimos da sociedade.<br \/>Hoje o Esp\u00edrito nos chama para nos deixarmos levar por ele, na inten\u00e7\u00e3o de proclamarmos as maravilhas de Deus: amar e perdoar \u00e0queles que nos rodeiam, tal como Deus nos ama e perdoa, e encontrar novos caminhos para proclamar o Evangelho de Jesus na nossa comunidade. Pentecostes \u00e9 festa porque o Esp\u00edrito est\u00e1 conosco, chegou ao nosso cora\u00e7\u00e3o. Aleluia!<\/p>\n","protected":false},"excerpt":{"rendered":"<p>Em nosso mundo s\u00e3o faladas muitas l\u00ednguas. Tantas que, muitas vezes n\u00e3o nos entendemos. Certamente, na nossa pr\u00f3pria cidade, encontramos na rua pessoas que falam outras l\u00ednguas. Tamb\u00e9m \u00e9 certo que passamos pela experi\u00eancia de n\u00e3o encontrar ningu\u00e9m que entende nosso idioma quando precisamos de ajuda ou de n\u00e3o poder ajudar adequadamente a algu\u00e9m simplesmente [&hellip;]<\/p>\n","protected":false},"author":10,"featured_media":0,"comment_status":"open","ping_status":"open","sticky":false,"template":"","format":"standard","meta":{"footnotes":""},"categories":[9],"tags":[],"class_list":["post-30415","post","type-post","status-publish","format-standard","hentry","category-artigos"],"_links":{"self":[{"href":"https:\/\/catolicanet.net\/wp-cnet\/wp-json\/wp\/v2\/posts\/30415","targetHints":{"allow":["GET"]}}],"collection":[{"href":"https:\/\/catolicanet.net\/wp-cnet\/wp-json\/wp\/v2\/posts"}],"about":[{"href":"https:\/\/catolicanet.net\/wp-cnet\/wp-json\/wp\/v2\/types\/post"}],"author":[{"embeddable":true,"href":"https:\/\/catolicanet.net\/wp-cnet\/wp-json\/wp\/v2\/users\/10"}],"replies":[{"embeddable":true,"href":"https:\/\/catolicanet.net\/wp-cnet\/wp-json\/wp\/v2\/comments?post=30415"}],"version-history":[{"count":1,"href":"https:\/\/catolicanet.net\/wp-cnet\/wp-json\/wp\/v2\/posts\/30415\/revisions"}],"predecessor-version":[{"id":30500,"href":"https:\/\/catolicanet.net\/wp-cnet\/wp-json\/wp\/v2\/posts\/30415\/revisions\/30500"}],"wp:attachment":[{"href":"https:\/\/catolicanet.net\/wp-cnet\/wp-json\/wp\/v2\/media?parent=30415"}],"wp:term":[{"taxonomy":"category","embeddable":true,"href":"https:\/\/catolicanet.net\/wp-cnet\/wp-json\/wp\/v2\/categories?post=30415"},{"taxonomy":"post_tag","embeddable":true,"href":"https:\/\/catolicanet.net\/wp-cnet\/wp-json\/wp\/v2\/tags?post=30415"}],"curies":[{"name":"wp","href":"https:\/\/api.w.org\/{rel}","templated":true}]}}