{"id":30384,"date":"2017-06-01T14:09:06","date_gmt":"2017-06-01T17:09:06","guid":{"rendered":"http:\/\/catolicanet.net\/wp-cnet\/2017\/06\/01\/pesames-do-papa-pelo-falecimento-do-cardeal-lubomyr-husar\/"},"modified":"2017-06-07T14:50:55","modified_gmt":"2017-06-07T17:50:55","slug":"pesames-do-papa-pelo-falecimento-do-cardeal-lubomyr-husar","status":"publish","type":"post","link":"https:\/\/catolicanet.net\/wp-cnet\/pesames-do-papa-pelo-falecimento-do-cardeal-lubomyr-husar\/","title":{"rendered":"P\u00easames do Papa pelo falecimento do Cardeal Lubomyr Husar"},"content":{"rendered":"<p style=\"text-align: justify;\"><img decoding=\"async\" src=\"http:\/\/www.catolicanet.com.br\/images\/stories\/noticias2017\/rv4220_articolo.jpg\" border=\"0\" align=\"left\" \/>Cidade do Vaticano (RV) \u2013 O Santo Padre enviou um telegrama de p\u00easames ao Arcebispo-Mor de Kiev, Sua Beatitude Svietslav Shevchuk, pelo falecimento do cardeal Lubomyr Husar, arcebispo em\u00e9rito de Kiev, ocorrido nesta ter\u00e7a-feira (30\/5).<\/p>\n<p>Ao receber a not\u00edcia de falecimento do L\u00edder de Igreja Greco-Cat\u00f3lica na Ucr\u00e2nia, aos 84 anos, o Papa elevou a Deus fervorosas ora\u00e7\u00f5es para que conceda, a este zeloso pastor, o descanso eterno.<\/p>\n<p>Francisco une-se, espiritualmente, aos fi\u00e9is daquela comunidade diocesana, onde o Cardeal Husar exerceu seu minist\u00e9rio pastoral, esfor\u00e7ando-se, com solicitude, para o renascimento da Igreja Greco-Cat\u00f3lica Ucraniana.<\/p>\n<p>O Papa recorda a sua tenaz fidelidade a Cristo, apesar das priva\u00e7\u00f5es e persegui\u00e7\u00f5es contra a Igreja naquele pa\u00eds; recorda tamb\u00e9m a sua fecunda atividade apost\u00f3lica ao favorecer a organiza\u00e7\u00e3o dos fi\u00e9is Greco-cat\u00f3licos descendentes de fam\u00edlias que se transferiram, for\u00e7osamente, da Ucr\u00e2nia para o Ocidente; reconheceu ainda o seu esfor\u00e7o de encontrar instrumentos sempre novos de di\u00e1logo e colabora\u00e7\u00e3o com as Igrejas Ortodoxas.<\/p>\n<p>Ao expressar os seus sentimentos aos familiares, ao Clero e aos que se beneficiaram com o minist\u00e9rio episcopal de Dom Husar, o Santo Padre concede, de cora\u00e7\u00e3o, sua confortadora B\u00ean\u00e7\u00e3o Apost\u00f3lica, como sinal de f\u00e9 e de esperan\u00e7a crist\u00e3 no Senhor Ressuscitado.<\/p>\n<p>Com a morte do Cardeal Lubomyr Husar, agora o Col\u00e9gio cardinal\u00edcio fica composto de 221 Cardeais, dos quais 116 eleitores e 105 n\u00e3o eleitores em um eventual Conclave.<\/p>\n<p style=\"text-align: justify;\">\u00a0<\/p>\n<p style=\"text-align: justify;\">Fonte: R\u00e1dio Vaticano<\/p>\n","protected":false},"excerpt":{"rendered":"<p>Cidade do Vaticano (RV) \u2013 O Santo Padre enviou um telegrama de p\u00easames ao Arcebispo-Mor de Kiev, Sua Beatitude Svietslav Shevchuk, pelo falecimento do cardeal Lubomyr Husar, arcebispo em\u00e9rito de Kiev, ocorrido nesta ter\u00e7a-feira (30\/5). Ao receber a not\u00edcia de falecimento do L\u00edder de Igreja Greco-Cat\u00f3lica na Ucr\u00e2nia, aos 84 anos, o Papa elevou a [&hellip;]<\/p>\n","protected":false},"author":1,"featured_media":30383,"comment_status":"open","ping_status":"open","sticky":false,"template":"","format":"standard","meta":{"footnotes":""},"categories":[3],"tags":[],"class_list":["post-30384","post","type-post","status-publish","format-standard","has-post-thumbnail","hentry","category-vaticano"],"_links":{"self":[{"href":"https:\/\/catolicanet.net\/wp-cnet\/wp-json\/wp\/v2\/posts\/30384","targetHints":{"allow":["GET"]}}],"collection":[{"href":"https:\/\/catolicanet.net\/wp-cnet\/wp-json\/wp\/v2\/posts"}],"about":[{"href":"https:\/\/catolicanet.net\/wp-cnet\/wp-json\/wp\/v2\/types\/post"}],"author":[{"embeddable":true,"href":"https:\/\/catolicanet.net\/wp-cnet\/wp-json\/wp\/v2\/users\/1"}],"replies":[{"embeddable":true,"href":"https:\/\/catolicanet.net\/wp-cnet\/wp-json\/wp\/v2\/comments?post=30384"}],"version-history":[{"count":1,"href":"https:\/\/catolicanet.net\/wp-cnet\/wp-json\/wp\/v2\/posts\/30384\/revisions"}],"predecessor-version":[{"id":30517,"href":"https:\/\/catolicanet.net\/wp-cnet\/wp-json\/wp\/v2\/posts\/30384\/revisions\/30517"}],"wp:featuredmedia":[{"embeddable":true,"href":"https:\/\/catolicanet.net\/wp-cnet\/wp-json\/wp\/v2\/media\/30383"}],"wp:attachment":[{"href":"https:\/\/catolicanet.net\/wp-cnet\/wp-json\/wp\/v2\/media?parent=30384"}],"wp:term":[{"taxonomy":"category","embeddable":true,"href":"https:\/\/catolicanet.net\/wp-cnet\/wp-json\/wp\/v2\/categories?post=30384"},{"taxonomy":"post_tag","embeddable":true,"href":"https:\/\/catolicanet.net\/wp-cnet\/wp-json\/wp\/v2\/tags?post=30384"}],"curies":[{"name":"wp","href":"https:\/\/api.w.org\/{rel}","templated":true}]}}